{"id":11929,"date":"2025-08-27T16:24:04","date_gmt":"2025-08-27T14:24:04","guid":{"rendered":"https:\/\/advitam-material.be\/?post_type=blog&#038;p=11929"},"modified":"2025-08-27T16:24:04","modified_gmt":"2025-08-27T14:24:04","slug":"hergebruik-in-de-sector-van-de-brusselse-sociale-huisvesting","status":"publish","type":"blog","link":"https:\/\/advitam-material.be\/nl\/-blog\/hergebruik-in-de-sector-van-de-brusselse-sociale-huisvesting\/","title":{"rendered":"Hergebruik in de sector van de Brusselse sociale huisvesting"},"content":{"rendered":"<p>Terugblik op de eerste deeldag rond hergebruik in de sector van de Brusselse sociale huisvesting<\/p>\n<p>Op vrijdag 13 juni 2025 vond de allereerste deeldag plaats rond het thema hergebruik in de sector van de Brusselse sociale huisvesting plaats.<\/p>\n<p>De dag werd georganiseerd door de transversale werkgroep Circulariteit en Hergebruik, een initiatief van de Commissie Circulariteit van de BGHM. Deze groep brengt beheerders van de Openbare Vastgoedmaatschappijen (OVM\u2019s) en de BGHM samen rond alles wat te maken heeft met duurzaamheid en circulariteit op werven voor de bouw en renovatie van sociale woningen.<\/p>\n<p>&nbsp;<\/p>\n<p>Wat stond er op het programma? Een goed gevulde dag!<\/p>\n<p>In de voormiddag gingen we aan de slag rond vier thema\u2019s, samen met experts en collega\u2019s uit het werkveld:<\/p>\n<p>&nbsp;<\/p>\n<p><u>Hergebruik in de praktijk en werfervaring met hergebruik<\/u><\/p>\n<p>Dankzij de uitwisseling en het delen van ervaringen tussen de opdrachtgevers konden we denkpistes (kosten, eigendom van de materialen) voor de volgende bestekken uitstippelen waarin hergebruik wordt ge\u00efntegreerd. Ook konden we een aantal goede praktijken identificeren (tijd besteed aan Hergebruik wordt aangegeven in de planning aan het begin van de werkzaamheden, opvolgtabel)<\/p>\n<p>Aan tafel zaten als experts de OVM Binh\u00f4me die al zeer actief is op dit domein, Coliseum en AD VITAM MATERIAL-Embuild.Brussels<\/p>\n<p>&nbsp;<\/p>\n<p><u>Certificatie en prestaties van herbruikbare materialen<\/u><br \/>\nDe deelnemers aan deze tafel richtten zich op de eisen, de certificeringsmodaliteiten en de evaluatie van de prestaties van herbruikbare materialen: de presentaties van de experts maakten het mogelijk om het normatieve kader te verduidelijken, de huidige beperkingen te defini\u00ebren en oplossingsrichtingen te schetsen (aangepaste tests, materiaalpaspoorten, traceerbaarheid van informatie&#8230;). De ULB deelde exclusief de resultaten van het Isol&#8217;ution-project (Renolution-project uitgevoerd in samenwerking met de vzw La Rue en Casablanco), dat snelle tests van de thermische geleidbaarheid van hergebruikte isolatiematerialen voorziet om hun gebruik op de bouwplaats te vergemakkelijken.<\/p>\n<p>Aan tafel zaten als experts Buildwise, SECO en vertegenwoordigers van het Isol\u2019ution-project.<\/p>\n<p>&nbsp;<\/p>\n<p><u>Uitwisseling van herbruikbare materialen tussen OVM\u2019s onderling<br \/>\n<\/u>Er is in de sector heel wat potentieel voor het hergebruik van materialen via uitgaande stromen. We brainstormden samen met experts over hoe we die stromen gewestelijk optimaal kunnen benutten. Paris Habitat deelde hun ervaring met het online uitwisselingsplatform R\u00e9flexe, online toegankelijk voor alle betrokken spelers. Rotor stelde de eerste resultaten van het Europese Preuse-project voor, dat bestaande hergebruikcentra in Frankrijk en de Benelux in kaart brengt en analyseert.<\/p>\n<p>Aan tafel zaten als experts Paris Habitat en Rotor (Preuse-project).<\/p>\n<p>&nbsp;<\/p>\n<p><u>Recyclage en afvalverwerking op de werf<\/u><br \/>\nWat zegt de wet over recyclage? Hoe kunnen we onze bestekken aanpassen om de afvalverwerking op werven te verbeteren? De discussie maakte een en ander duidelijk.<\/p>\n<p>Aan tafel zaten als experts Buildwise n en Beliris.<\/p>\n<p>&nbsp;<\/p>\n<p><img fetchpriority=\"high\" decoding=\"async\" class=\"alignnone  wp-image-11921\" src=\"https:\/\/advitam-material.be\/wp-content\/uploads\/2025\/08\/Image-50-300x225.jpg\" alt=\"\" width=\"543\" height=\"407\" srcset=\"https:\/\/advitam-material.be\/wp-content\/uploads\/2025\/08\/Image-50-300x225.jpg 300w, https:\/\/advitam-material.be\/wp-content\/uploads\/2025\/08\/Image-50-1024x768.jpg 1024w, https:\/\/advitam-material.be\/wp-content\/uploads\/2025\/08\/Image-50-768x576.jpg 768w, https:\/\/advitam-material.be\/wp-content\/uploads\/2025\/08\/Image-50-1536x1152.jpg 1536w, https:\/\/advitam-material.be\/wp-content\/uploads\/2025\/08\/Image-50.jpg 2048w\" sizes=\"(max-width: 543px) 100vw, 543px\" \/> <img decoding=\"async\" class=\"alignnone  wp-image-11923\" src=\"https:\/\/advitam-material.be\/wp-content\/uploads\/2025\/08\/Image-51-225x300.jpg\" alt=\"\" width=\"306\" height=\"408\" srcset=\"https:\/\/advitam-material.be\/wp-content\/uploads\/2025\/08\/Image-51-225x300.jpg 225w, https:\/\/advitam-material.be\/wp-content\/uploads\/2025\/08\/Image-51-768x1024.jpg 768w, https:\/\/advitam-material.be\/wp-content\/uploads\/2025\/08\/Image-51-1152x1536.jpg 1152w, https:\/\/advitam-material.be\/wp-content\/uploads\/2025\/08\/Image-51.jpg 1536w\" sizes=\"(max-width: 306px) 100vw, 306px\" \/><\/p>\n<p>&nbsp;<\/p>\n<p>In de namiddag bezochten we werven.<\/p>\n<p>We bezochten twee modelbouwplaatsen van Binh\u00f4me waar ambitieuze hergebruikpraktijken worden getest, die als inspiratiebron voor andere projecten kunnen dienen:<\/p>\n<ul>\n<li>Clos des Mari\u00e9s \u2013 dank aan Atelier Kempe Thill voor de rondleiding.<\/li>\n<li>Generaal Jacques \u2013 dank aan Karbon voor de rondleiding.<\/li>\n<\/ul>\n<p>&nbsp;<\/p>\n<p><img decoding=\"async\" class=\"alignnone  wp-image-11917\" src=\"https:\/\/advitam-material.be\/wp-content\/uploads\/2025\/08\/Image-52-300x225.jpg\" alt=\"\" width=\"431\" height=\"323\" srcset=\"https:\/\/advitam-material.be\/wp-content\/uploads\/2025\/08\/Image-52-300x225.jpg 300w, https:\/\/advitam-material.be\/wp-content\/uploads\/2025\/08\/Image-52-1024x768.jpg 1024w, https:\/\/advitam-material.be\/wp-content\/uploads\/2025\/08\/Image-52-768x576.jpg 768w, https:\/\/advitam-material.be\/wp-content\/uploads\/2025\/08\/Image-52-1536x1152.jpg 1536w, https:\/\/advitam-material.be\/wp-content\/uploads\/2025\/08\/Image-52.jpg 2048w\" sizes=\"(max-width: 431px) 100vw, 431px\" \/> <img loading=\"lazy\" decoding=\"async\" class=\"alignnone  wp-image-11919\" src=\"https:\/\/advitam-material.be\/wp-content\/uploads\/2025\/08\/Image-49-300x225.jpg\" alt=\"\" width=\"431\" height=\"323\" srcset=\"https:\/\/advitam-material.be\/wp-content\/uploads\/2025\/08\/Image-49-300x225.jpg 300w, https:\/\/advitam-material.be\/wp-content\/uploads\/2025\/08\/Image-49-1024x768.jpg 1024w, https:\/\/advitam-material.be\/wp-content\/uploads\/2025\/08\/Image-49-768x576.jpg 768w, https:\/\/advitam-material.be\/wp-content\/uploads\/2025\/08\/Image-49-1536x1152.jpg 1536w, https:\/\/advitam-material.be\/wp-content\/uploads\/2025\/08\/Image-49-2048x1536.jpg 2048w\" sizes=\"(max-width: 431px) 100vw, 431px\" \/><\/p>\n<p>&nbsp;<\/p>\n<p>De dag bood de gelegenheid om de bestaande best practices in de sector in kaart te brengen, van gedachten te wisselen over de huidige belemmeringen en mogelijke oplossingen te delen enzovoort.<\/p>\n<p>Dank aan alle experts en deelnemers voor hun bijdrage!<\/p>\n<p>&nbsp;<\/p>\n<p>juni 2025.<\/p>\n<p>&nbsp;<\/p>\n","protected":false},"featured_media":11921,"template":"","meta":{"_acf_changed":false},"tags":[429],"region":[77],"theme-ressource":[532],"type-blog":[101],"class_list":["post-11929","blog","type-blog","status-publish","has-post-thumbnail","hentry","tag-artikels","region-brussels-hoofdstedelijk-gewest","theme-ressource-evenement","type-blog-actualiteit"],"acf":[],"yoast_head":"<!-- This site is optimized with the Yoast SEO plugin v28.2 - https:\/\/yoast.com\/product\/yoast-seo-wordpress\/ -->\n<title>Hergebruik in de sector van de Brusselse sociale huisvesting - AD VITAM MATERIAL<\/title>\n<meta name=\"robots\" content=\"index, follow, max-snippet:-1, max-image-preview:large, max-video-preview:-1\" \/>\n<link rel=\"canonical\" href=\"https:\/\/advitam-material.be\/nl\/-blog\/hergebruik-in-de-sector-van-de-brusselse-sociale-huisvesting\/\" \/>\n<meta property=\"og:locale\" content=\"nl_NL\" \/>\n<meta property=\"og:type\" content=\"article\" \/>\n<meta property=\"og:title\" content=\"Hergebruik in de sector van de Brusselse sociale huisvesting - AD VITAM MATERIAL\" \/>\n<meta property=\"og:description\" content=\"Terugblik op de eerste deeldag rond hergebruik in de sector van de Brusselse sociale huisvesting Op vrijdag 13 juni 2025 vond de allereerste deeldag plaats rond het thema hergebruik in de sector van de Brusselse sociale huisvesting plaats. De dag werd georganiseerd door de transversale werkgroep Circulariteit en Hergebruik, een initiatief van de Commissie Circulariteit [&hellip;]\" \/>\n<meta property=\"og:url\" content=\"https:\/\/advitam-material.be\/nl\/-blog\/hergebruik-in-de-sector-van-de-brusselse-sociale-huisvesting\/\" \/>\n<meta property=\"og:site_name\" content=\"AD VITAM MATERIAL\" \/>\n<meta property=\"og:image\" content=\"https:\/\/advitam-material.be\/wp-content\/uploads\/2025\/08\/Image-50.jpg\" \/>\n\t<meta property=\"og:image:width\" content=\"2048\" \/>\n\t<meta property=\"og:image:height\" content=\"1536\" \/>\n\t<meta property=\"og:image:type\" content=\"image\/jpeg\" \/>\n<meta name=\"twitter:card\" content=\"summary_large_image\" \/>\n<meta name=\"twitter:label1\" content=\"Geschatte leestijd\" \/>\n\t<meta name=\"twitter:data1\" content=\"4 minuten\" \/>\n<script type=\"application\/ld+json\" class=\"yoast-schema-graph\">{\"@context\":\"https:\\\/\\\/schema.org\",\"@graph\":[{\"@type\":\"WebPage\",\"@id\":\"https:\\\/\\\/advitam-material.be\\\/nl\\\/-blog\\\/hergebruik-in-de-sector-van-de-brusselse-sociale-huisvesting\\\/\",\"url\":\"https:\\\/\\\/advitam-material.be\\\/nl\\\/-blog\\\/hergebruik-in-de-sector-van-de-brusselse-sociale-huisvesting\\\/\",\"name\":\"Hergebruik in de sector van de Brusselse sociale huisvesting - AD VITAM MATERIAL\",\"isPartOf\":{\"@id\":\"https:\\\/\\\/advitam-material.be\\\/nl\\\/#website\"},\"primaryImageOfPage\":{\"@id\":\"https:\\\/\\\/advitam-material.be\\\/nl\\\/-blog\\\/hergebruik-in-de-sector-van-de-brusselse-sociale-huisvesting\\\/#primaryimage\"},\"image\":{\"@id\":\"https:\\\/\\\/advitam-material.be\\\/nl\\\/-blog\\\/hergebruik-in-de-sector-van-de-brusselse-sociale-huisvesting\\\/#primaryimage\"},\"thumbnailUrl\":\"https:\\\/\\\/advitam-material.be\\\/wp-content\\\/uploads\\\/2025\\\/08\\\/Image-50.jpg\",\"datePublished\":\"2025-08-27T14:24:04+00:00\",\"inLanguage\":\"nl-NL\",\"potentialAction\":[{\"@type\":\"ReadAction\",\"target\":[\"https:\\\/\\\/advitam-material.be\\\/nl\\\/-blog\\\/hergebruik-in-de-sector-van-de-brusselse-sociale-huisvesting\\\/\"]}]},{\"@type\":\"ImageObject\",\"inLanguage\":\"nl-NL\",\"@id\":\"https:\\\/\\\/advitam-material.be\\\/nl\\\/-blog\\\/hergebruik-in-de-sector-van-de-brusselse-sociale-huisvesting\\\/#primaryimage\",\"url\":\"https:\\\/\\\/advitam-material.be\\\/wp-content\\\/uploads\\\/2025\\\/08\\\/Image-50.jpg\",\"contentUrl\":\"https:\\\/\\\/advitam-material.be\\\/wp-content\\\/uploads\\\/2025\\\/08\\\/Image-50.jpg\",\"width\":2048,\"height\":1536},{\"@type\":\"WebSite\",\"@id\":\"https:\\\/\\\/advitam-material.be\\\/nl\\\/#website\",\"url\":\"https:\\\/\\\/advitam-material.be\\\/nl\\\/\",\"name\":\"AD VITAM MATERIAL - Le r\u00e9seau du r\u00e9emploi dans la construction en Belgique\",\"description\":\"Netwerk voor hergebruik in de bouw in Belgi\u00eb\",\"potentialAction\":[{\"@type\":\"SearchAction\",\"target\":{\"@type\":\"EntryPoint\",\"urlTemplate\":\"https:\\\/\\\/advitam-material.be\\\/nl\\\/?s={search_term_string}\"},\"query-input\":{\"@type\":\"PropertyValueSpecification\",\"valueRequired\":true,\"valueName\":\"search_term_string\"}}],\"inLanguage\":\"nl-NL\"}]}<\/script>\n<!-- \/ Yoast SEO plugin. -->","yoast_head_json":{"title":"Hergebruik in de sector van de Brusselse sociale huisvesting - AD VITAM MATERIAL","robots":{"index":"index","follow":"follow","max-snippet":"max-snippet:-1","max-image-preview":"max-image-preview:large","max-video-preview":"max-video-preview:-1"},"canonical":"https:\/\/advitam-material.be\/nl\/-blog\/hergebruik-in-de-sector-van-de-brusselse-sociale-huisvesting\/","og_locale":"nl_NL","og_type":"article","og_title":"Hergebruik in de sector van de Brusselse sociale huisvesting - AD VITAM MATERIAL","og_description":"Terugblik op de eerste deeldag rond hergebruik in de sector van de Brusselse sociale huisvesting Op vrijdag 13 juni 2025 vond de allereerste deeldag plaats rond het thema hergebruik in de sector van de Brusselse sociale huisvesting plaats. De dag werd georganiseerd door de transversale werkgroep Circulariteit en Hergebruik, een initiatief van de Commissie Circulariteit [&hellip;]","og_url":"https:\/\/advitam-material.be\/nl\/-blog\/hergebruik-in-de-sector-van-de-brusselse-sociale-huisvesting\/","og_site_name":"AD VITAM MATERIAL","og_image":[{"width":2048,"height":1536,"url":"https:\/\/advitam-material.be\/wp-content\/uploads\/2025\/08\/Image-50.jpg","type":"image\/jpeg"}],"twitter_card":"summary_large_image","twitter_misc":{"Geschatte leestijd":"4 minuten"},"schema":{"@context":"https:\/\/schema.org","@graph":[{"@type":"WebPage","@id":"https:\/\/advitam-material.be\/nl\/-blog\/hergebruik-in-de-sector-van-de-brusselse-sociale-huisvesting\/","url":"https:\/\/advitam-material.be\/nl\/-blog\/hergebruik-in-de-sector-van-de-brusselse-sociale-huisvesting\/","name":"Hergebruik in de sector van de Brusselse sociale huisvesting - AD VITAM MATERIAL","isPartOf":{"@id":"https:\/\/advitam-material.be\/nl\/#website"},"primaryImageOfPage":{"@id":"https:\/\/advitam-material.be\/nl\/-blog\/hergebruik-in-de-sector-van-de-brusselse-sociale-huisvesting\/#primaryimage"},"image":{"@id":"https:\/\/advitam-material.be\/nl\/-blog\/hergebruik-in-de-sector-van-de-brusselse-sociale-huisvesting\/#primaryimage"},"thumbnailUrl":"https:\/\/advitam-material.be\/wp-content\/uploads\/2025\/08\/Image-50.jpg","datePublished":"2025-08-27T14:24:04+00:00","inLanguage":"nl-NL","potentialAction":[{"@type":"ReadAction","target":["https:\/\/advitam-material.be\/nl\/-blog\/hergebruik-in-de-sector-van-de-brusselse-sociale-huisvesting\/"]}]},{"@type":"ImageObject","inLanguage":"nl-NL","@id":"https:\/\/advitam-material.be\/nl\/-blog\/hergebruik-in-de-sector-van-de-brusselse-sociale-huisvesting\/#primaryimage","url":"https:\/\/advitam-material.be\/wp-content\/uploads\/2025\/08\/Image-50.jpg","contentUrl":"https:\/\/advitam-material.be\/wp-content\/uploads\/2025\/08\/Image-50.jpg","width":2048,"height":1536},{"@type":"WebSite","@id":"https:\/\/advitam-material.be\/nl\/#website","url":"https:\/\/advitam-material.be\/nl\/","name":"AD VITAM MATERIAL - Le r\u00e9seau du r\u00e9emploi dans la construction en Belgique","description":"Netwerk voor hergebruik in de bouw in Belgi\u00eb","potentialAction":[{"@type":"SearchAction","target":{"@type":"EntryPoint","urlTemplate":"https:\/\/advitam-material.be\/nl\/?s={search_term_string}"},"query-input":{"@type":"PropertyValueSpecification","valueRequired":true,"valueName":"search_term_string"}}],"inLanguage":"nl-NL"}]}},"_links":{"self":[{"href":"https:\/\/advitam-material.be\/nl\/wp-json\/wp\/v2\/blog\/11929","targetHints":{"allow":["GET"]}}],"collection":[{"href":"https:\/\/advitam-material.be\/nl\/wp-json\/wp\/v2\/blog"}],"about":[{"href":"https:\/\/advitam-material.be\/nl\/wp-json\/wp\/v2\/types\/blog"}],"version-history":[{"count":4,"href":"https:\/\/advitam-material.be\/nl\/wp-json\/wp\/v2\/blog\/11929\/revisions"}],"predecessor-version":[{"id":11933,"href":"https:\/\/advitam-material.be\/nl\/wp-json\/wp\/v2\/blog\/11929\/revisions\/11933"}],"wp:featuredmedia":[{"embeddable":true,"href":"https:\/\/advitam-material.be\/nl\/wp-json\/wp\/v2\/media\/11921"}],"wp:attachment":[{"href":"https:\/\/advitam-material.be\/nl\/wp-json\/wp\/v2\/media?parent=11929"}],"wp:term":[{"taxonomy":"post_tag","embeddable":true,"href":"https:\/\/advitam-material.be\/nl\/wp-json\/wp\/v2\/tags?post=11929"},{"taxonomy":"region","embeddable":true,"href":"https:\/\/advitam-material.be\/nl\/wp-json\/wp\/v2\/region?post=11929"},{"taxonomy":"theme-ressource","embeddable":true,"href":"https:\/\/advitam-material.be\/nl\/wp-json\/wp\/v2\/theme-ressource?post=11929"},{"taxonomy":"type-blog","embeddable":true,"href":"https:\/\/advitam-material.be\/nl\/wp-json\/wp\/v2\/type-blog?post=11929"}],"curies":[{"name":"wp","href":"https:\/\/api.w.org\/{rel}","templated":true}]}}