{"id":12108,"date":"2025-10-28T15:29:53","date_gmt":"2025-10-28T14:29:53","guid":{"rendered":"https:\/\/advitam-material.be\/?post_type=blog&#038;p=12108"},"modified":"2025-10-28T15:34:45","modified_gmt":"2025-10-28T14:34:45","slug":"economische-missie-naar-zwitserlandtwee-inspirerende-dagen-rond-hergebruik","status":"publish","type":"blog","link":"https:\/\/advitam-material.be\/nl\/-blog\/economische-missie-naar-zwitserlandtwee-inspirerende-dagen-rond-hergebruik\/","title":{"rendered":"Economische missie naar Zwitserland Twee inspirerende dagen rond hergebruik"},"content":{"rendered":"<p>Op 29 en 30 september vond een economische missie naar Zwitserland plaats, georganiseerd door hub.brussels in samenwerking met ecobuild.brussels en AWEX, waarbij 17 Belgische bedrijven en 29 Zwitserse bedrijven samenkwamen rond een gemeenschappelijk thema: hergebruik in de bouw.<\/p>\n<p>Twee dagen vol uitwisseling, ontdekkingen en boeiende bezoeken, die zowel de rijkdom van Zwitserse benaderingen en innovaties op het gebied van circulariteit als de Brusselse expertise en ervaring onder de aandacht brachten.<\/p>\n<p>&nbsp;<\/p>\n<p><strong>Een eerste dag met paneldiscussies<\/strong><\/p>\n<p>De missie begon met een dag van uitwisseling in de vorm van paneldiscussies, waarbij Belgische en Zwitserse vertegenwoordigers evenwichtig vertegenwoordigd waren.<\/p>\n<p>Drie hoofdthema\u2019s vormden de rode draad in de gesprekken:<\/p>\n<ul>\n<li>Betonconstructies hergebruiken: de engineering van een duurzame toekomst;<\/li>\n<li>Navigeren door het doolhof van regelgeving en certificeringen;<\/li>\n<li>Ontwerpen voor circulariteit: innoveren in adaptief hergebruik.<\/li>\n<\/ul>\n<p>&nbsp;<\/p>\n<p>De bijdragen maakten het mogelijk om verschillende perspectieven te combineren, de situatie op het terrein in elk land te belichten, om mogelijk idee\u00ebn te laten ontstaan die respectievelijk in elk land kunnen worden overgenomen.<\/p>\n<p>De dag werd afgesloten met een bezoek aan de bouwplaats van het toekomstige luxehotel Fairmont, een toonbeeld van duurzame praktijken en architecturaal vakmanschap.<\/p>\n<p>&nbsp;<\/p>\n<p><img fetchpriority=\"high\" decoding=\"async\" class=\"alignnone wp-image-12097\" src=\"https:\/\/advitam-material.be\/wp-content\/uploads\/2025\/10\/1759336482243-300x169.jpg\" alt=\"\" width=\"612\" height=\"345\" srcset=\"https:\/\/advitam-material.be\/wp-content\/uploads\/2025\/10\/1759336482243-300x169.jpg 300w, https:\/\/advitam-material.be\/wp-content\/uploads\/2025\/10\/1759336482243-1024x577.jpg 1024w, https:\/\/advitam-material.be\/wp-content\/uploads\/2025\/10\/1759336482243-768x432.jpg 768w, https:\/\/advitam-material.be\/wp-content\/uploads\/2025\/10\/1759336482243-1536x865.jpg 1536w, https:\/\/advitam-material.be\/wp-content\/uploads\/2025\/10\/1759336482243.jpg 2000w\" sizes=\"(max-width: 612px) 100vw, 612px\" \/><\/p>\n<p><strong>Een tweede dag op het terrein<\/strong><\/p>\n<p>De volgende dag zetten de Belgische deelnemers hun inleefreis voort met vier bezoeken aan iconische bouwplaatsen tussen Gen\u00e8ve en Lausanne:<\/p>\n<ul>\n<li>De Universitaire Ziekenhuizen van het kanton Vaud, een voorbeeld van een grootschalig publiek project waarin circulaire strategie\u00ebn worden ge\u00efntegreerd;<\/li>\n<li>De site &#8220;Office to Housing&#8221;, een demonstratie van functionele transformatie en hergebruik van gebouwen;<\/li>\n<li>Het Sicli Paviljoen, een iconische culturele en erfgoedlocatie in Gen\u00e8ve, opnieuw benut volgens een duurzame logica;<\/li>\n<li>Ten slotte, een co\u00f6peratief gebouw, dat een sociale en collectieve benadering van hergebruik illustreert.<\/li>\n<\/ul>\n<p>Deze bezoeken boden een globaal overzicht van het potentieel van circulariteit, van het individuele gebouw tot de schaal van de wijk.<\/p>\n<p><img decoding=\"async\" class=\"alignnone wp-image-12099\" src=\"https:\/\/advitam-material.be\/wp-content\/uploads\/2025\/10\/Image1-300x225.jpg\" alt=\"\" width=\"439\" height=\"329\" srcset=\"https:\/\/advitam-material.be\/wp-content\/uploads\/2025\/10\/Image1-300x225.jpg 300w, https:\/\/advitam-material.be\/wp-content\/uploads\/2025\/10\/Image1-1024x768.jpg 1024w, https:\/\/advitam-material.be\/wp-content\/uploads\/2025\/10\/Image1-768x576.jpg 768w, https:\/\/advitam-material.be\/wp-content\/uploads\/2025\/10\/Image1.jpg 1386w\" sizes=\"(max-width: 439px) 100vw, 439px\" \/> <img decoding=\"async\" class=\"alignnone wp-image-12101\" src=\"https:\/\/advitam-material.be\/wp-content\/uploads\/2025\/10\/IMG_9354-300x169.jpg\" alt=\"\" width=\"582\" height=\"328\" srcset=\"https:\/\/advitam-material.be\/wp-content\/uploads\/2025\/10\/IMG_9354-300x169.jpg 300w, https:\/\/advitam-material.be\/wp-content\/uploads\/2025\/10\/IMG_9354-1024x576.jpg 1024w, https:\/\/advitam-material.be\/wp-content\/uploads\/2025\/10\/IMG_9354-768x432.jpg 768w, https:\/\/advitam-material.be\/wp-content\/uploads\/2025\/10\/IMG_9354-1536x864.jpg 1536w, https:\/\/advitam-material.be\/wp-content\/uploads\/2025\/10\/IMG_9354-2048x1152.jpg 2048w\" sizes=\"(max-width: 582px) 100vw, 582px\" \/><\/p>\n<p>&nbsp;<\/p>\n<p>&nbsp;<\/p>\n<p><strong>Een stimulerende en veelbelovende ervaring<\/strong><\/p>\n<p>Deze twee dagen waren intens, rijk aan leerervaringen en ontmoetingen. De gepassioneerde uitwisselingen tussen professionals hebben nieuwe idee\u00ebn gevoed en de banden versterkt tussen Belgische en Zwitserse spelers in de sector.<\/p>\n<p>&nbsp;<\/p>\n<p>We zijn gemotiveerd, ge\u00efnspireerd en overtuigd teruggekeerd naar Belgi\u00eb, ervan overtuigd dat hergebruik absoluut geen grenzen kent.<\/p>\n<p>Hartelijk dank aan hub.brussels, ecobuild en AWEX voor deze perfecte organisatie en voor de kans om concrete initiatieven in het centrum van Zwitserland te ontdekken. Deze missie toont opnieuw aan dat de internationale dialoog essentieel is om de circulaire transitie in de bouw te versnellen.<\/p>\n<p>&nbsp;<\/p>\n<p>&nbsp;<\/p>\n<p><img loading=\"lazy\" decoding=\"async\" class=\"alignnone wp-image-12103\" src=\"https:\/\/advitam-material.be\/wp-content\/uploads\/2025\/10\/1759336483249-300x159.jpg\" alt=\"\" width=\"649\" height=\"344\" srcset=\"https:\/\/advitam-material.be\/wp-content\/uploads\/2025\/10\/1759336483249-300x159.jpg 300w, https:\/\/advitam-material.be\/wp-content\/uploads\/2025\/10\/1759336483249-1024x544.jpg 1024w, https:\/\/advitam-material.be\/wp-content\/uploads\/2025\/10\/1759336483249-768x408.jpg 768w, https:\/\/advitam-material.be\/wp-content\/uploads\/2025\/10\/1759336483249-1536x815.jpg 1536w, https:\/\/advitam-material.be\/wp-content\/uploads\/2025\/10\/1759336483249.jpg 2048w\" sizes=\"(max-width: 649px) 100vw, 649px\" \/><\/p>\n<p>Oktober 2025<\/p>\n","protected":false},"featured_media":12104,"template":"","meta":{"_acf_changed":false},"tags":[429],"region":[77],"theme-ressource":[],"type-blog":[105],"class_list":["post-12108","blog","type-blog","status-publish","has-post-thumbnail","hentry","tag-artikels","region-brussels-hoofdstedelijk-gewest","type-blog-buiten-onze-grenzen"],"acf":[],"yoast_head":"<!-- This site is optimized with the Yoast SEO plugin v27.1.1 - https:\/\/yoast.com\/product\/yoast-seo-wordpress\/ -->\n<title>Economische missie naar Zwitserland Twee inspirerende dagen rond hergebruik - AD VITAM MATERIAL<\/title>\n<meta name=\"robots\" content=\"index, follow, max-snippet:-1, max-image-preview:large, max-video-preview:-1\" \/>\n<link rel=\"canonical\" href=\"https:\/\/advitam-material.be\/nl\/-blog\/economische-missie-naar-zwitserlandtwee-inspirerende-dagen-rond-hergebruik\/\" \/>\n<meta property=\"og:locale\" content=\"nl_NL\" \/>\n<meta property=\"og:type\" content=\"article\" \/>\n<meta property=\"og:title\" content=\"Economische missie naar Zwitserland Twee inspirerende dagen rond hergebruik - AD VITAM MATERIAL\" \/>\n<meta property=\"og:description\" content=\"Op 29 en 30 september vond een economische missie naar Zwitserland plaats, georganiseerd door hub.brussels in samenwerking met ecobuild.brussels en AWEX, waarbij 17 Belgische bedrijven en 29 Zwitserse bedrijven samenkwamen rond een gemeenschappelijk thema: hergebruik in de bouw. Twee dagen vol uitwisseling, ontdekkingen en boeiende bezoeken, die zowel de rijkdom van Zwitserse benaderingen en innovaties [&hellip;]\" \/>\n<meta property=\"og:url\" content=\"https:\/\/advitam-material.be\/nl\/-blog\/economische-missie-naar-zwitserlandtwee-inspirerende-dagen-rond-hergebruik\/\" \/>\n<meta property=\"og:site_name\" content=\"AD VITAM MATERIAL\" \/>\n<meta property=\"article:modified_time\" content=\"2025-10-28T14:34:45+00:00\" \/>\n<meta property=\"og:image\" content=\"https:\/\/advitam-material.be\/wp-content\/uploads\/2025\/10\/1759336483249.jpg\" \/>\n\t<meta property=\"og:image:width\" content=\"2048\" \/>\n\t<meta property=\"og:image:height\" content=\"1087\" \/>\n\t<meta property=\"og:image:type\" content=\"image\/jpeg\" \/>\n<meta name=\"twitter:card\" content=\"summary_large_image\" \/>\n<meta name=\"twitter:label1\" content=\"Geschatte leestijd\" \/>\n\t<meta name=\"twitter:data1\" content=\"4 minuten\" \/>\n<script type=\"application\/ld+json\" class=\"yoast-schema-graph\">{\"@context\":\"https:\/\/schema.org\",\"@graph\":[{\"@type\":\"WebPage\",\"@id\":\"https:\/\/advitam-material.be\/nl\/-blog\/economische-missie-naar-zwitserlandtwee-inspirerende-dagen-rond-hergebruik\/\",\"url\":\"https:\/\/advitam-material.be\/nl\/-blog\/economische-missie-naar-zwitserlandtwee-inspirerende-dagen-rond-hergebruik\/\",\"name\":\"Economische missie naar Zwitserland Twee inspirerende dagen rond hergebruik - AD VITAM MATERIAL\",\"isPartOf\":{\"@id\":\"https:\/\/advitam-material.be\/nl\/#website\"},\"primaryImageOfPage\":{\"@id\":\"https:\/\/advitam-material.be\/nl\/-blog\/economische-missie-naar-zwitserlandtwee-inspirerende-dagen-rond-hergebruik\/#primaryimage\"},\"image\":{\"@id\":\"https:\/\/advitam-material.be\/nl\/-blog\/economische-missie-naar-zwitserlandtwee-inspirerende-dagen-rond-hergebruik\/#primaryimage\"},\"thumbnailUrl\":\"https:\/\/advitam-material.be\/wp-content\/uploads\/2025\/10\/1759336483249.jpg\",\"datePublished\":\"2025-10-28T14:29:53+00:00\",\"dateModified\":\"2025-10-28T14:34:45+00:00\",\"inLanguage\":\"nl-NL\",\"potentialAction\":[{\"@type\":\"ReadAction\",\"target\":[\"https:\/\/advitam-material.be\/nl\/-blog\/economische-missie-naar-zwitserlandtwee-inspirerende-dagen-rond-hergebruik\/\"]}]},{\"@type\":\"ImageObject\",\"inLanguage\":\"nl-NL\",\"@id\":\"https:\/\/advitam-material.be\/nl\/-blog\/economische-missie-naar-zwitserlandtwee-inspirerende-dagen-rond-hergebruik\/#primaryimage\",\"url\":\"https:\/\/advitam-material.be\/wp-content\/uploads\/2025\/10\/1759336483249.jpg\",\"contentUrl\":\"https:\/\/advitam-material.be\/wp-content\/uploads\/2025\/10\/1759336483249.jpg\",\"width\":2048,\"height\":1087},{\"@type\":\"WebSite\",\"@id\":\"https:\/\/advitam-material.be\/nl\/#website\",\"url\":\"https:\/\/advitam-material.be\/nl\/\",\"name\":\"AD VITAM MATERIAL - Le r\u00e9seau du r\u00e9emploi dans la construction en Belgique\",\"description\":\"Netwerk voor hergebruik in de bouw in Belgi\u00eb\",\"potentialAction\":[{\"@type\":\"SearchAction\",\"target\":{\"@type\":\"EntryPoint\",\"urlTemplate\":\"https:\/\/advitam-material.be\/nl\/?s={search_term_string}\"},\"query-input\":{\"@type\":\"PropertyValueSpecification\",\"valueRequired\":true,\"valueName\":\"search_term_string\"}}],\"inLanguage\":\"nl-NL\"}]}<\/script>\n<!-- \/ Yoast SEO plugin. -->","yoast_head_json":{"title":"Economische missie naar Zwitserland Twee inspirerende dagen rond hergebruik - AD VITAM MATERIAL","robots":{"index":"index","follow":"follow","max-snippet":"max-snippet:-1","max-image-preview":"max-image-preview:large","max-video-preview":"max-video-preview:-1"},"canonical":"https:\/\/advitam-material.be\/nl\/-blog\/economische-missie-naar-zwitserlandtwee-inspirerende-dagen-rond-hergebruik\/","og_locale":"nl_NL","og_type":"article","og_title":"Economische missie naar Zwitserland Twee inspirerende dagen rond hergebruik - AD VITAM MATERIAL","og_description":"Op 29 en 30 september vond een economische missie naar Zwitserland plaats, georganiseerd door hub.brussels in samenwerking met ecobuild.brussels en AWEX, waarbij 17 Belgische bedrijven en 29 Zwitserse bedrijven samenkwamen rond een gemeenschappelijk thema: hergebruik in de bouw. Twee dagen vol uitwisseling, ontdekkingen en boeiende bezoeken, die zowel de rijkdom van Zwitserse benaderingen en innovaties [&hellip;]","og_url":"https:\/\/advitam-material.be\/nl\/-blog\/economische-missie-naar-zwitserlandtwee-inspirerende-dagen-rond-hergebruik\/","og_site_name":"AD VITAM MATERIAL","article_modified_time":"2025-10-28T14:34:45+00:00","og_image":[{"width":2048,"height":1087,"url":"https:\/\/advitam-material.be\/wp-content\/uploads\/2025\/10\/1759336483249.jpg","type":"image\/jpeg"}],"twitter_card":"summary_large_image","twitter_misc":{"Geschatte leestijd":"4 minuten"},"schema":{"@context":"https:\/\/schema.org","@graph":[{"@type":"WebPage","@id":"https:\/\/advitam-material.be\/nl\/-blog\/economische-missie-naar-zwitserlandtwee-inspirerende-dagen-rond-hergebruik\/","url":"https:\/\/advitam-material.be\/nl\/-blog\/economische-missie-naar-zwitserlandtwee-inspirerende-dagen-rond-hergebruik\/","name":"Economische missie naar Zwitserland Twee inspirerende dagen rond hergebruik - AD VITAM MATERIAL","isPartOf":{"@id":"https:\/\/advitam-material.be\/nl\/#website"},"primaryImageOfPage":{"@id":"https:\/\/advitam-material.be\/nl\/-blog\/economische-missie-naar-zwitserlandtwee-inspirerende-dagen-rond-hergebruik\/#primaryimage"},"image":{"@id":"https:\/\/advitam-material.be\/nl\/-blog\/economische-missie-naar-zwitserlandtwee-inspirerende-dagen-rond-hergebruik\/#primaryimage"},"thumbnailUrl":"https:\/\/advitam-material.be\/wp-content\/uploads\/2025\/10\/1759336483249.jpg","datePublished":"2025-10-28T14:29:53+00:00","dateModified":"2025-10-28T14:34:45+00:00","inLanguage":"nl-NL","potentialAction":[{"@type":"ReadAction","target":["https:\/\/advitam-material.be\/nl\/-blog\/economische-missie-naar-zwitserlandtwee-inspirerende-dagen-rond-hergebruik\/"]}]},{"@type":"ImageObject","inLanguage":"nl-NL","@id":"https:\/\/advitam-material.be\/nl\/-blog\/economische-missie-naar-zwitserlandtwee-inspirerende-dagen-rond-hergebruik\/#primaryimage","url":"https:\/\/advitam-material.be\/wp-content\/uploads\/2025\/10\/1759336483249.jpg","contentUrl":"https:\/\/advitam-material.be\/wp-content\/uploads\/2025\/10\/1759336483249.jpg","width":2048,"height":1087},{"@type":"WebSite","@id":"https:\/\/advitam-material.be\/nl\/#website","url":"https:\/\/advitam-material.be\/nl\/","name":"AD VITAM MATERIAL - Le r\u00e9seau du r\u00e9emploi dans la construction en Belgique","description":"Netwerk voor hergebruik in de bouw in Belgi\u00eb","potentialAction":[{"@type":"SearchAction","target":{"@type":"EntryPoint","urlTemplate":"https:\/\/advitam-material.be\/nl\/?s={search_term_string}"},"query-input":{"@type":"PropertyValueSpecification","valueRequired":true,"valueName":"search_term_string"}}],"inLanguage":"nl-NL"}]}},"_links":{"self":[{"href":"https:\/\/advitam-material.be\/nl\/wp-json\/wp\/v2\/blog\/12108","targetHints":{"allow":["GET"]}}],"collection":[{"href":"https:\/\/advitam-material.be\/nl\/wp-json\/wp\/v2\/blog"}],"about":[{"href":"https:\/\/advitam-material.be\/nl\/wp-json\/wp\/v2\/types\/blog"}],"version-history":[{"count":4,"href":"https:\/\/advitam-material.be\/nl\/wp-json\/wp\/v2\/blog\/12108\/revisions"}],"predecessor-version":[{"id":12113,"href":"https:\/\/advitam-material.be\/nl\/wp-json\/wp\/v2\/blog\/12108\/revisions\/12113"}],"wp:featuredmedia":[{"embeddable":true,"href":"https:\/\/advitam-material.be\/nl\/wp-json\/wp\/v2\/media\/12104"}],"wp:attachment":[{"href":"https:\/\/advitam-material.be\/nl\/wp-json\/wp\/v2\/media?parent=12108"}],"wp:term":[{"taxonomy":"post_tag","embeddable":true,"href":"https:\/\/advitam-material.be\/nl\/wp-json\/wp\/v2\/tags?post=12108"},{"taxonomy":"region","embeddable":true,"href":"https:\/\/advitam-material.be\/nl\/wp-json\/wp\/v2\/region?post=12108"},{"taxonomy":"theme-ressource","embeddable":true,"href":"https:\/\/advitam-material.be\/nl\/wp-json\/wp\/v2\/theme-ressource?post=12108"},{"taxonomy":"type-blog","embeddable":true,"href":"https:\/\/advitam-material.be\/nl\/wp-json\/wp\/v2\/type-blog?post=12108"}],"curies":[{"name":"wp","href":"https:\/\/api.w.org\/{rel}","templated":true}]}}