{"id":12292,"date":"2025-12-15T11:30:12","date_gmt":"2025-12-15T10:30:12","guid":{"rendered":"https:\/\/advitam-material.be\/-blog\/het-leeft-zeg-op-het-jaarlijkse-evenement-van-ad-vitam-material-ca-bouge-une-fois-a-levenement-annuel-dad-vitam-material\/"},"modified":"2025-12-16T14:10:19","modified_gmt":"2025-12-16T13:10:19","slug":"het-leeft-zeg-op-het-jaarlijkse-evenement-van-ad-vitam-material-ca-bouge-une-fois-a-levenement-annuel-dad-vitam-material","status":"publish","type":"blog","link":"https:\/\/advitam-material.be\/nl\/-blog\/het-leeft-zeg-op-het-jaarlijkse-evenement-van-ad-vitam-material-ca-bouge-une-fois-a-levenement-annuel-dad-vitam-material\/","title":{"rendered":"\u201cHet leeft, zeg\u201d op het jaarlijkse evenement van AD VITAM MATERIAL"},"content":{"rendered":"<p><strong>Op 27 november organiseerde AD VITAM MATERIAL, het Belgische netwerk voor hergebruik in de bouwsector, zijn jaarlijkse evenement in Bergen. Doel: alle spelers uit de waardeketen van hergebruik uit de drie gewesten samenbrengen rond een vernieuwd format, ontworpen om uitwisseling te stimuleren en het thema concreet vooruit te helpen. De editie van dit jaar wilde de conventies doorbreken met de slogan \u201cHet leeft, zeg\u201d. Een terugblik op deze avond. <\/strong><\/p>\n<p>Het netwerk AD VITAM MATERIAL, gedragen door GreenWin en Embuild.Brussels, heeft als doel het hergebruik van bouwmaterialen in Belgi\u00eb te bevorderen en verbindingen te leggen tussen alle betrokken actoren. Vorig jaar organiseerde het netwerk zijn eerste jaarlijkse evenement in La Tricoterie in Sint-Gillis. Na dat mooie succes werd het concept opnieuw gelanceerd in de hoofdstad van de provincie Henegouwen.<\/p>\n<p>Bij het binnenkomen zetten de kleuren zwart, geel en rood meteen de toon. Bij elke gang wisselden de deelnemers van tafel, waardoor de gespreksgroepen voortdurend opnieuw werden samengesteld. Deze eenvoudige maar doeltreffende aanpak zorgde voor een echte stroom van uitwisselingen, waarbij iedereen achtereenvolgens Brusselse, Waalse en Vlaamse standpunten in aanmerking kon nemen. Het effect was onmiddellijk merkbaar: gesprekken werden diverser, ervaringen vulden elkaar aan en idee\u00ebn circuleerden volop.<\/p>\n<p><img fetchpriority=\"high\" decoding=\"async\" class=\"alignnone wp-image-12265\" src=\"https:\/\/advitam-material.be\/wp-content\/uploads\/2025\/12\/251127_ADVITAMMATERIAL-52-300x200.jpg\" alt=\"\" width=\"449\" height=\"299\" srcset=\"https:\/\/advitam-material.be\/wp-content\/uploads\/2025\/12\/251127_ADVITAMMATERIAL-52-300x200.jpg 300w, https:\/\/advitam-material.be\/wp-content\/uploads\/2025\/12\/251127_ADVITAMMATERIAL-52-1024x683.jpg 1024w, https:\/\/advitam-material.be\/wp-content\/uploads\/2025\/12\/251127_ADVITAMMATERIAL-52-768x512.jpg 768w, https:\/\/advitam-material.be\/wp-content\/uploads\/2025\/12\/251127_ADVITAMMATERIAL-52-1536x1024.jpg 1536w, https:\/\/advitam-material.be\/wp-content\/uploads\/2025\/12\/251127_ADVITAMMATERIAL-52-2048x1365.jpg 2048w\" sizes=\"(max-width: 449px) 100vw, 449px\" \/> <img decoding=\"async\" class=\"alignnone size-medium wp-image-12257\" src=\"https:\/\/advitam-material.be\/wp-content\/uploads\/2025\/12\/251127_ADVITAMMATERIAL-23-200x300.jpg\" alt=\"\" width=\"200\" height=\"300\" srcset=\"https:\/\/advitam-material.be\/wp-content\/uploads\/2025\/12\/251127_ADVITAMMATERIAL-23-200x300.jpg 200w, https:\/\/advitam-material.be\/wp-content\/uploads\/2025\/12\/251127_ADVITAMMATERIAL-23-683x1024.jpg 683w, https:\/\/advitam-material.be\/wp-content\/uploads\/2025\/12\/251127_ADVITAMMATERIAL-23-768x1152.jpg 768w, https:\/\/advitam-material.be\/wp-content\/uploads\/2025\/12\/251127_ADVITAMMATERIAL-23-1024x1536.jpg 1024w, https:\/\/advitam-material.be\/wp-content\/uploads\/2025\/12\/251127_ADVITAMMATERIAL-23-1365x2048.jpg 1365w, https:\/\/advitam-material.be\/wp-content\/uploads\/2025\/12\/251127_ADVITAMMATERIAL-23-scaled.jpg 1707w\" sizes=\"(max-width: 200px) 100vw, 200px\" \/> <img decoding=\"async\" class=\"alignnone size-medium wp-image-12284\" src=\"https:\/\/advitam-material.be\/wp-content\/uploads\/2025\/12\/251127_ADVITAMMATERIAL-14-200x300.jpg\" alt=\"\" width=\"200\" height=\"300\" srcset=\"https:\/\/advitam-material.be\/wp-content\/uploads\/2025\/12\/251127_ADVITAMMATERIAL-14-200x300.jpg 200w, https:\/\/advitam-material.be\/wp-content\/uploads\/2025\/12\/251127_ADVITAMMATERIAL-14-683x1024.jpg 683w, https:\/\/advitam-material.be\/wp-content\/uploads\/2025\/12\/251127_ADVITAMMATERIAL-14-768x1152.jpg 768w, https:\/\/advitam-material.be\/wp-content\/uploads\/2025\/12\/251127_ADVITAMMATERIAL-14-1024x1536.jpg 1024w, https:\/\/advitam-material.be\/wp-content\/uploads\/2025\/12\/251127_ADVITAMMATERIAL-14-1365x2048.jpg 1365w, https:\/\/advitam-material.be\/wp-content\/uploads\/2025\/12\/251127_ADVITAMMATERIAL-14-scaled.jpg 1707w\" sizes=\"(max-width: 200px) 100vw, 200px\" \/><\/p>\n<p><em>\u00a9Vizual Studio<\/em><\/p>\n<p>&nbsp;<\/p>\n<p><strong>Interactieve tekening als referentiepunt<\/strong><\/p>\n<p>Terwijl de deelnemers van tafel wisselden, werd live een interactieve tekening gemaakt om de kernidee\u00ebn visueel weer te geven. Met elke lijn onthulde ze regionale complementariteiten, benoemde uitdagingen en liet ze de collectieve energie van de zaal zien. Al snel werd deze tekening een referentiepunt voor iedereen, met een instantbeeld van de dynamiek van de avond.<\/p>\n<p>Het eerste gespreksthema nodigde uit om te delen wat al werkt: successen, solide projecten, concrete vooruitgang van hergebruik op werven\u2026 Tijdens deze uitwisselingen werd een positief overzicht geschetst van de bestaande initiatieven en werd waardering geuit voor het geleverde, baanbrekende pionierswerk.<\/p>\n<p><img loading=\"lazy\" decoding=\"async\" class=\"alignnone wp-image-12269\" src=\"https:\/\/advitam-material.be\/wp-content\/uploads\/2025\/12\/251127_ADVITAMMATERIAL-34-300x200.jpg\" alt=\"\" width=\"425\" height=\"283\" srcset=\"https:\/\/advitam-material.be\/wp-content\/uploads\/2025\/12\/251127_ADVITAMMATERIAL-34-300x200.jpg 300w, https:\/\/advitam-material.be\/wp-content\/uploads\/2025\/12\/251127_ADVITAMMATERIAL-34-1024x683.jpg 1024w, https:\/\/advitam-material.be\/wp-content\/uploads\/2025\/12\/251127_ADVITAMMATERIAL-34-768x512.jpg 768w, https:\/\/advitam-material.be\/wp-content\/uploads\/2025\/12\/251127_ADVITAMMATERIAL-34-1536x1024.jpg 1536w, https:\/\/advitam-material.be\/wp-content\/uploads\/2025\/12\/251127_ADVITAMMATERIAL-34-2048x1365.jpg 2048w\" sizes=\"(max-width: 425px) 100vw, 425px\" \/> <img loading=\"lazy\" decoding=\"async\" class=\"alignnone wp-image-12271\" src=\"https:\/\/advitam-material.be\/wp-content\/uploads\/2025\/12\/251127_ADVITAMMATERIAL-49-300x200.jpg\" alt=\"\" width=\"424\" height=\"283\" srcset=\"https:\/\/advitam-material.be\/wp-content\/uploads\/2025\/12\/251127_ADVITAMMATERIAL-49-300x200.jpg 300w, https:\/\/advitam-material.be\/wp-content\/uploads\/2025\/12\/251127_ADVITAMMATERIAL-49-1024x683.jpg 1024w, https:\/\/advitam-material.be\/wp-content\/uploads\/2025\/12\/251127_ADVITAMMATERIAL-49-768x512.jpg 768w, https:\/\/advitam-material.be\/wp-content\/uploads\/2025\/12\/251127_ADVITAMMATERIAL-49-1536x1024.jpg 1536w, https:\/\/advitam-material.be\/wp-content\/uploads\/2025\/12\/251127_ADVITAMMATERIAL-49-2048x1365.jpg 2048w\" sizes=\"(max-width: 424px) 100vw, 424px\" \/><\/p>\n<p><em>\u00a9Vizual Studio<\/em><\/p>\n<p>&nbsp;<\/p>\n<p><strong>Obstakels identificeren<\/strong><\/p>\n<p>Bij een volgende wisseling van tafel kwamen de hindernissen aan het licht waarmee actoren op het terrein te maken hebben: gebrek aan operationele tools, nog onvoldoende co\u00f6rdinatie, logistieke of administratieve beperkingen\u2026 Er werd een nauwkeurig overzicht gemaakt van de obstakels die de opschaling vertragen. Dit moment leverde veel gedeelde inzichten op, over de regionale grenzen heen.<\/p>\n<p><strong>Acties voor de toekomst<\/strong><\/p>\n<p>Tijdens de laatste gespreksronde ging de blik naar de toekomst: welke concrete acties kunnen de komende maanden gezamenlijk worden ontwikkeld? De idee\u00ebn convergeerden naar gemeenschappelijke behoeften: interregionale synergie\u00ebn versterken, gedeelde instrumenten structureren, bepaalde praktijken professionaliseren en van het netwerk een echte operationele hefboom voor de sector maken.<\/p>\n<p><strong>Collectieve dynamiek <\/strong><\/p>\n<p>Ook dit jaar bevestigt het jaarlijkse evenement van het netwerk dat hergebruik vooruitgaat wanneer het wordt opgebouwd in uitwisseling, beweging en samenwerking. Deze editie heeft door het benadrukken van gezamenlijke successen, vastgestelde uitdagingen en gedeelde perspectieven bijgedragen aan het versterken van de basis voor een collectieve dynamiek die alleen maar wil groeien. Afspraak volgend jaar voor een nieuw evenement van AD VITAM MATERIAL.<\/p>\n<p>&nbsp;<\/p>\n<p><img loading=\"lazy\" decoding=\"async\" class=\"alignnone wp-image-12277\" src=\"https:\/\/advitam-material.be\/wp-content\/uploads\/2025\/12\/251127_ADVITAMMATERIAL-35-300x200.jpg\" alt=\"\" width=\"375\" height=\"250\" srcset=\"https:\/\/advitam-material.be\/wp-content\/uploads\/2025\/12\/251127_ADVITAMMATERIAL-35-300x200.jpg 300w, https:\/\/advitam-material.be\/wp-content\/uploads\/2025\/12\/251127_ADVITAMMATERIAL-35-1024x683.jpg 1024w, https:\/\/advitam-material.be\/wp-content\/uploads\/2025\/12\/251127_ADVITAMMATERIAL-35-768x512.jpg 768w, https:\/\/advitam-material.be\/wp-content\/uploads\/2025\/12\/251127_ADVITAMMATERIAL-35-1536x1024.jpg 1536w, https:\/\/advitam-material.be\/wp-content\/uploads\/2025\/12\/251127_ADVITAMMATERIAL-35-2048x1365.jpg 2048w\" sizes=\"(max-width: 375px) 100vw, 375px\" \/> <img loading=\"lazy\" decoding=\"async\" class=\"alignnone wp-image-12275\" src=\"https:\/\/advitam-material.be\/wp-content\/uploads\/2025\/12\/251127_ADVITAMMATERIAL-53-300x200.jpg\" alt=\"\" width=\"376\" height=\"250\" srcset=\"https:\/\/advitam-material.be\/wp-content\/uploads\/2025\/12\/251127_ADVITAMMATERIAL-53-300x200.jpg 300w, https:\/\/advitam-material.be\/wp-content\/uploads\/2025\/12\/251127_ADVITAMMATERIAL-53-1024x683.jpg 1024w, https:\/\/advitam-material.be\/wp-content\/uploads\/2025\/12\/251127_ADVITAMMATERIAL-53-768x512.jpg 768w, https:\/\/advitam-material.be\/wp-content\/uploads\/2025\/12\/251127_ADVITAMMATERIAL-53-1536x1024.jpg 1536w, https:\/\/advitam-material.be\/wp-content\/uploads\/2025\/12\/251127_ADVITAMMATERIAL-53-2048x1365.jpg 2048w\" sizes=\"(max-width: 376px) 100vw, 376px\" \/> <img loading=\"lazy\" decoding=\"async\" class=\"alignnone wp-image-12279\" src=\"https:\/\/advitam-material.be\/wp-content\/uploads\/2025\/12\/251127_ADVITAMMATERIAL-25-300x200.jpg\" alt=\"\" width=\"375\" height=\"250\" srcset=\"https:\/\/advitam-material.be\/wp-content\/uploads\/2025\/12\/251127_ADVITAMMATERIAL-25-300x200.jpg 300w, https:\/\/advitam-material.be\/wp-content\/uploads\/2025\/12\/251127_ADVITAMMATERIAL-25-1024x683.jpg 1024w, https:\/\/advitam-material.be\/wp-content\/uploads\/2025\/12\/251127_ADVITAMMATERIAL-25-768x512.jpg 768w, https:\/\/advitam-material.be\/wp-content\/uploads\/2025\/12\/251127_ADVITAMMATERIAL-25-1536x1024.jpg 1536w, https:\/\/advitam-material.be\/wp-content\/uploads\/2025\/12\/251127_ADVITAMMATERIAL-25-2048x1365.jpg 2048w\" sizes=\"(max-width: 375px) 100vw, 375px\" \/><\/p>\n<p><em>\u00a9Vizual Studio<\/em><\/p>\n<p><span data-teams=\"true\">Artikel verschenen in de editie van december 2025\/januari 2026<\/span><\/p>\n<p>&nbsp;<\/p>\n<p>&nbsp;<\/p>\n<p>&nbsp;<\/p>\n<p>&nbsp;<\/p>\n","protected":false},"featured_media":12276,"template":"","meta":{"_acf_changed":false},"tags":[429],"region":[77,78],"theme-ressource":[422],"type-blog":[101],"class_list":["post-12292","blog","type-blog","status-publish","has-post-thumbnail","hentry","tag-artikels","region-brussels-hoofdstedelijk-gewest","region-wallonie-nl","theme-ressource-hergebruik-nl","type-blog-actualiteit"],"acf":[],"yoast_head":"<!-- This site is optimized with the Yoast SEO plugin v27.1.1 - https:\/\/yoast.com\/product\/yoast-seo-wordpress\/ -->\n<title>\u201cHet leeft, zeg\u201d op het jaarlijkse evenement van AD VITAM MATERIAL - AD VITAM MATERIAL<\/title>\n<meta name=\"robots\" content=\"index, follow, max-snippet:-1, max-image-preview:large, max-video-preview:-1\" \/>\n<link rel=\"canonical\" href=\"https:\/\/advitam-material.be\/nl\/-blog\/het-leeft-zeg-op-het-jaarlijkse-evenement-van-ad-vitam-material-ca-bouge-une-fois-a-levenement-annuel-dad-vitam-material\/\" \/>\n<meta property=\"og:locale\" content=\"nl_NL\" \/>\n<meta property=\"og:type\" content=\"article\" \/>\n<meta property=\"og:title\" content=\"\u201cHet leeft, zeg\u201d op het jaarlijkse evenement van AD VITAM MATERIAL - AD VITAM MATERIAL\" \/>\n<meta property=\"og:description\" content=\"Op 27 november organiseerde AD VITAM MATERIAL, het Belgische netwerk voor hergebruik in de bouwsector, zijn jaarlijkse evenement in Bergen. Doel: alle spelers uit de waardeketen van hergebruik uit de drie gewesten samenbrengen rond een vernieuwd format, ontworpen om uitwisseling te stimuleren en het thema concreet vooruit te helpen. De editie van dit jaar wilde [&hellip;]\" \/>\n<meta property=\"og:url\" content=\"https:\/\/advitam-material.be\/nl\/-blog\/het-leeft-zeg-op-het-jaarlijkse-evenement-van-ad-vitam-material-ca-bouge-une-fois-a-levenement-annuel-dad-vitam-material\/\" \/>\n<meta property=\"og:site_name\" content=\"AD VITAM MATERIAL\" \/>\n<meta property=\"article:modified_time\" content=\"2025-12-16T13:10:19+00:00\" \/>\n<meta property=\"og:image\" content=\"https:\/\/advitam-material.be\/wp-content\/uploads\/2025\/12\/251127_ADVITAMMATERIAL-53-scaled.jpg\" \/>\n\t<meta property=\"og:image:width\" content=\"2560\" \/>\n\t<meta property=\"og:image:height\" content=\"1707\" \/>\n\t<meta property=\"og:image:type\" content=\"image\/jpeg\" \/>\n<meta name=\"twitter:card\" content=\"summary_large_image\" \/>\n<meta name=\"twitter:label1\" content=\"Geschatte leestijd\" \/>\n\t<meta name=\"twitter:data1\" content=\"5 minuten\" \/>\n<script type=\"application\/ld+json\" class=\"yoast-schema-graph\">{\"@context\":\"https:\/\/schema.org\",\"@graph\":[{\"@type\":\"WebPage\",\"@id\":\"https:\/\/advitam-material.be\/nl\/-blog\/het-leeft-zeg-op-het-jaarlijkse-evenement-van-ad-vitam-material-ca-bouge-une-fois-a-levenement-annuel-dad-vitam-material\/\",\"url\":\"https:\/\/advitam-material.be\/nl\/-blog\/het-leeft-zeg-op-het-jaarlijkse-evenement-van-ad-vitam-material-ca-bouge-une-fois-a-levenement-annuel-dad-vitam-material\/\",\"name\":\"\u201cHet leeft, zeg\u201d op het jaarlijkse evenement van AD VITAM MATERIAL - AD VITAM MATERIAL\",\"isPartOf\":{\"@id\":\"https:\/\/advitam-material.be\/nl\/#website\"},\"primaryImageOfPage\":{\"@id\":\"https:\/\/advitam-material.be\/nl\/-blog\/het-leeft-zeg-op-het-jaarlijkse-evenement-van-ad-vitam-material-ca-bouge-une-fois-a-levenement-annuel-dad-vitam-material\/#primaryimage\"},\"image\":{\"@id\":\"https:\/\/advitam-material.be\/nl\/-blog\/het-leeft-zeg-op-het-jaarlijkse-evenement-van-ad-vitam-material-ca-bouge-une-fois-a-levenement-annuel-dad-vitam-material\/#primaryimage\"},\"thumbnailUrl\":\"https:\/\/advitam-material.be\/wp-content\/uploads\/2025\/12\/251127_ADVITAMMATERIAL-53-scaled.jpg\",\"datePublished\":\"2025-12-15T10:30:12+00:00\",\"dateModified\":\"2025-12-16T13:10:19+00:00\",\"inLanguage\":\"nl-NL\",\"potentialAction\":[{\"@type\":\"ReadAction\",\"target\":[\"https:\/\/advitam-material.be\/nl\/-blog\/het-leeft-zeg-op-het-jaarlijkse-evenement-van-ad-vitam-material-ca-bouge-une-fois-a-levenement-annuel-dad-vitam-material\/\"]}]},{\"@type\":\"ImageObject\",\"inLanguage\":\"nl-NL\",\"@id\":\"https:\/\/advitam-material.be\/nl\/-blog\/het-leeft-zeg-op-het-jaarlijkse-evenement-van-ad-vitam-material-ca-bouge-une-fois-a-levenement-annuel-dad-vitam-material\/#primaryimage\",\"url\":\"https:\/\/advitam-material.be\/wp-content\/uploads\/2025\/12\/251127_ADVITAMMATERIAL-53-scaled.jpg\",\"contentUrl\":\"https:\/\/advitam-material.be\/wp-content\/uploads\/2025\/12\/251127_ADVITAMMATERIAL-53-scaled.jpg\",\"width\":2560,\"height\":1707},{\"@type\":\"WebSite\",\"@id\":\"https:\/\/advitam-material.be\/nl\/#website\",\"url\":\"https:\/\/advitam-material.be\/nl\/\",\"name\":\"AD VITAM MATERIAL - Le r\u00e9seau du r\u00e9emploi dans la construction en Belgique\",\"description\":\"Netwerk voor hergebruik in de bouw in Belgi\u00eb\",\"potentialAction\":[{\"@type\":\"SearchAction\",\"target\":{\"@type\":\"EntryPoint\",\"urlTemplate\":\"https:\/\/advitam-material.be\/nl\/?s={search_term_string}\"},\"query-input\":{\"@type\":\"PropertyValueSpecification\",\"valueRequired\":true,\"valueName\":\"search_term_string\"}}],\"inLanguage\":\"nl-NL\"}]}<\/script>\n<!-- \/ Yoast SEO plugin. -->","yoast_head_json":{"title":"\u201cHet leeft, zeg\u201d op het jaarlijkse evenement van AD VITAM MATERIAL - AD VITAM MATERIAL","robots":{"index":"index","follow":"follow","max-snippet":"max-snippet:-1","max-image-preview":"max-image-preview:large","max-video-preview":"max-video-preview:-1"},"canonical":"https:\/\/advitam-material.be\/nl\/-blog\/het-leeft-zeg-op-het-jaarlijkse-evenement-van-ad-vitam-material-ca-bouge-une-fois-a-levenement-annuel-dad-vitam-material\/","og_locale":"nl_NL","og_type":"article","og_title":"\u201cHet leeft, zeg\u201d op het jaarlijkse evenement van AD VITAM MATERIAL - AD VITAM MATERIAL","og_description":"Op 27 november organiseerde AD VITAM MATERIAL, het Belgische netwerk voor hergebruik in de bouwsector, zijn jaarlijkse evenement in Bergen. Doel: alle spelers uit de waardeketen van hergebruik uit de drie gewesten samenbrengen rond een vernieuwd format, ontworpen om uitwisseling te stimuleren en het thema concreet vooruit te helpen. De editie van dit jaar wilde [&hellip;]","og_url":"https:\/\/advitam-material.be\/nl\/-blog\/het-leeft-zeg-op-het-jaarlijkse-evenement-van-ad-vitam-material-ca-bouge-une-fois-a-levenement-annuel-dad-vitam-material\/","og_site_name":"AD VITAM MATERIAL","article_modified_time":"2025-12-16T13:10:19+00:00","og_image":[{"width":2560,"height":1707,"url":"https:\/\/advitam-material.be\/wp-content\/uploads\/2025\/12\/251127_ADVITAMMATERIAL-53-scaled.jpg","type":"image\/jpeg"}],"twitter_card":"summary_large_image","twitter_misc":{"Geschatte leestijd":"5 minuten"},"schema":{"@context":"https:\/\/schema.org","@graph":[{"@type":"WebPage","@id":"https:\/\/advitam-material.be\/nl\/-blog\/het-leeft-zeg-op-het-jaarlijkse-evenement-van-ad-vitam-material-ca-bouge-une-fois-a-levenement-annuel-dad-vitam-material\/","url":"https:\/\/advitam-material.be\/nl\/-blog\/het-leeft-zeg-op-het-jaarlijkse-evenement-van-ad-vitam-material-ca-bouge-une-fois-a-levenement-annuel-dad-vitam-material\/","name":"\u201cHet leeft, zeg\u201d op het jaarlijkse evenement van AD VITAM MATERIAL - AD VITAM MATERIAL","isPartOf":{"@id":"https:\/\/advitam-material.be\/nl\/#website"},"primaryImageOfPage":{"@id":"https:\/\/advitam-material.be\/nl\/-blog\/het-leeft-zeg-op-het-jaarlijkse-evenement-van-ad-vitam-material-ca-bouge-une-fois-a-levenement-annuel-dad-vitam-material\/#primaryimage"},"image":{"@id":"https:\/\/advitam-material.be\/nl\/-blog\/het-leeft-zeg-op-het-jaarlijkse-evenement-van-ad-vitam-material-ca-bouge-une-fois-a-levenement-annuel-dad-vitam-material\/#primaryimage"},"thumbnailUrl":"https:\/\/advitam-material.be\/wp-content\/uploads\/2025\/12\/251127_ADVITAMMATERIAL-53-scaled.jpg","datePublished":"2025-12-15T10:30:12+00:00","dateModified":"2025-12-16T13:10:19+00:00","inLanguage":"nl-NL","potentialAction":[{"@type":"ReadAction","target":["https:\/\/advitam-material.be\/nl\/-blog\/het-leeft-zeg-op-het-jaarlijkse-evenement-van-ad-vitam-material-ca-bouge-une-fois-a-levenement-annuel-dad-vitam-material\/"]}]},{"@type":"ImageObject","inLanguage":"nl-NL","@id":"https:\/\/advitam-material.be\/nl\/-blog\/het-leeft-zeg-op-het-jaarlijkse-evenement-van-ad-vitam-material-ca-bouge-une-fois-a-levenement-annuel-dad-vitam-material\/#primaryimage","url":"https:\/\/advitam-material.be\/wp-content\/uploads\/2025\/12\/251127_ADVITAMMATERIAL-53-scaled.jpg","contentUrl":"https:\/\/advitam-material.be\/wp-content\/uploads\/2025\/12\/251127_ADVITAMMATERIAL-53-scaled.jpg","width":2560,"height":1707},{"@type":"WebSite","@id":"https:\/\/advitam-material.be\/nl\/#website","url":"https:\/\/advitam-material.be\/nl\/","name":"AD VITAM MATERIAL - Le r\u00e9seau du r\u00e9emploi dans la construction en Belgique","description":"Netwerk voor hergebruik in de bouw in Belgi\u00eb","potentialAction":[{"@type":"SearchAction","target":{"@type":"EntryPoint","urlTemplate":"https:\/\/advitam-material.be\/nl\/?s={search_term_string}"},"query-input":{"@type":"PropertyValueSpecification","valueRequired":true,"valueName":"search_term_string"}}],"inLanguage":"nl-NL"}]}},"_links":{"self":[{"href":"https:\/\/advitam-material.be\/nl\/wp-json\/wp\/v2\/blog\/12292","targetHints":{"allow":["GET"]}}],"collection":[{"href":"https:\/\/advitam-material.be\/nl\/wp-json\/wp\/v2\/blog"}],"about":[{"href":"https:\/\/advitam-material.be\/nl\/wp-json\/wp\/v2\/types\/blog"}],"version-history":[{"count":1,"href":"https:\/\/advitam-material.be\/nl\/wp-json\/wp\/v2\/blog\/12292\/revisions"}],"predecessor-version":[{"id":12372,"href":"https:\/\/advitam-material.be\/nl\/wp-json\/wp\/v2\/blog\/12292\/revisions\/12372"}],"wp:featuredmedia":[{"embeddable":true,"href":"https:\/\/advitam-material.be\/nl\/wp-json\/wp\/v2\/media\/12276"}],"wp:attachment":[{"href":"https:\/\/advitam-material.be\/nl\/wp-json\/wp\/v2\/media?parent=12292"}],"wp:term":[{"taxonomy":"post_tag","embeddable":true,"href":"https:\/\/advitam-material.be\/nl\/wp-json\/wp\/v2\/tags?post=12292"},{"taxonomy":"region","embeddable":true,"href":"https:\/\/advitam-material.be\/nl\/wp-json\/wp\/v2\/region?post=12292"},{"taxonomy":"theme-ressource","embeddable":true,"href":"https:\/\/advitam-material.be\/nl\/wp-json\/wp\/v2\/theme-ressource?post=12292"},{"taxonomy":"type-blog","embeddable":true,"href":"https:\/\/advitam-material.be\/nl\/wp-json\/wp\/v2\/type-blog?post=12292"}],"curies":[{"name":"wp","href":"https:\/\/api.w.org\/{rel}","templated":true}]}}