{"id":12345,"date":"2025-12-15T17:02:24","date_gmt":"2025-12-15T16:02:24","guid":{"rendered":"https:\/\/advitam-material.be\/-blog\/op-naar-zwitserland-voor-een-rondreis-in-het-teken-van-hergebruik-van-materialen-in-de-bouw\/"},"modified":"2025-12-15T17:02:24","modified_gmt":"2025-12-15T16:02:24","slug":"op-naar-zwitserland-voor-een-rondreis-in-het-teken-van-hergebruik-van-materialen-in-de-bouw","status":"publish","type":"blog","link":"https:\/\/advitam-material.be\/nl\/-blog\/op-naar-zwitserland-voor-een-rondreis-in-het-teken-van-hergebruik-van-materialen-in-de-bouw\/","title":{"rendered":"Op naar Zwitserland voor een rondreis in het teken van hergebruik van materialen in de bouw"},"content":{"rendered":"<p>Van 22 tot 25 maart 2026 organiseren GreenWin en WBI Recherche &amp; Innovation, met de steun van AWEX, een rondreis naar Zwitserland die volledig in het teken staat van hergebruik van materialen in de bouw.<\/p>\n<p>Doel? Inspirerende Zwitserse praktijken leren kennen: bezoeken aan onderzoekscentra, ge\u00ebngageerde architectenbureaus \u2026 een overzicht van spelers die actief zijn in hergebruik. <\/p>\n<p><strong>Op het programma van deze vier dagen<\/strong><\/p>\n<p><strong>Dag 1 \u2013 Zurich<\/strong><\/p>\n<p>Eerste stop in Z\u00fcrich met, om te beginnen, een bezoek aan het onderzoeksinstituut EMPA (Swiss Federal Laboratories for Materials Science and Technology), dat gehuisvest is in een modulair experimenteel gebouw (NEST): <em>Beton om het klimaat te redden \u2013 EMPA wint de Oscar van de Zwitserse ingenieurswereld.<\/em> Nauwelijks is het eerste bezoek afgerond, of we zetten de ontdekkingstocht voort \u2026 Op naar Halle 118, waar een tweede bezoek op het programma staat, gevolgd door een presentatie van het architectenbureau Baub\u00fcro in Situ en het logistieke bedrijf Zirkular. Nog een stap om concreet te begrijpen hoe hergebruik vorm krijgt op het terrein. En ten slotte\u2026 een korte stop in het hotel en een heerlijk diner in Z\u00fcrich.  <\/p>\n<p><strong>Dag 2 &#8211; Fribourg<\/strong><\/p>\n<p>Klaar voor de tweede dag? De ochtend belooft veel goeds: een nieuw bezoek staat op het programma (nog te bepalen). Het wordt ofwel Werkstadt Arel, ofwel het project Grubenstrasse in Z\u00fcrich. In beide gevallen een mooie gelegenheid om andere hergebruikprojecten te leren kennen.   <\/p>\n<p>In de namiddag trekken we naar Fribourg, met ontmoetingen in het Smart Living Lab, de presentatie van projecten zoals CRETE en NeighborHub, en momenten van uitwisseling met lokale actoren. En om de dag af te sluiten\u2026 op weg naar Lausanne, waar een heerlijk diner wordt georganiseerd. <\/p>\n<p><strong>Dag 3 &#8211; Lausanne<\/strong><\/p>\n<p>De ochtend zit vol met ontdekkingen. Hij wordt besteed aan ontmoetingen en uitwisselingen met verschillende hergebruikactoren in Franstalig Zwitserland. Tijdens de bijdragen duiken we in concrete projecten:  <\/p>\n<ul>\n<li>eerst de ontmanteling van de parkeergarage van de Zwitserse spoorwegen in Lausanne;<\/li>\n<li>vervolgens het werk van HEIG-VD in Yverdon;<\/li>\n<li>niet te vergeten de presentatie van het CCDC, het competentiecentrum voor duurzaamheid in de bouw;<\/li>\n<li>en het Swiss-Renov-project, gesteund door Innosuisse, dat nieuwe mogelijkheden voor de sector opent.<\/li>\n<\/ul>\n<p>De ochtend wordt afgesloten met rondetafelgesprekken en gaat informeel verder tijdens een gezamenlijke lunch. Een mooie gelegenheid om de gesprekken voort te zetten en banden te smeden. <\/p>\n<p><strong>Kortom \u2026<\/strong><\/p>\n<p>Deze rondreis naar Zwitserland, geco\u00f6rdineerd door GreenWin en WBI, is een uitnodiging tot uitwisseling en inspiratie. Het is een unieke kans om je onder te dompelen in geavanceerde praktijken, samenwerkingsverbanden te smeden en misschien terug te keren met idee\u00ebn die hier, in Belgi\u00eb, toegepast kunnen worden! <\/p>\n<p><strong>Meer weten en inschrijven? Dat kan  <\/strong><strong><strong><a href=\"https:\/\/forms.gle\/1FdgkVf8eCn46zpq5\">hier <\/a><\/strong><\/strong><\/p>\n<p><img fetchpriority=\"high\" decoding=\"async\" class=\"alignnone wp-image-12342\" src=\"https:\/\/advitam-material.be\/wp-content\/uploads\/2025\/12\/Image1-300x169.jpg\" alt=\"\" width=\"691\" height=\"389\" srcset=\"https:\/\/advitam-material.be\/wp-content\/uploads\/2025\/12\/Image1-300x169.jpg 300w, https:\/\/advitam-material.be\/wp-content\/uploads\/2025\/12\/Image1-1024x576.jpg 1024w, https:\/\/advitam-material.be\/wp-content\/uploads\/2025\/12\/Image1-768x432.jpg 768w, https:\/\/advitam-material.be\/wp-content\/uploads\/2025\/12\/Image1.jpg 1386w\" sizes=\"(max-width: 691px) 100vw, 691px\" \/><\/p>\n","protected":false},"featured_media":12343,"template":"","meta":{"_acf_changed":false},"tags":[429],"region":[81,78],"theme-ressource":[422],"type-blog":[105],"class_list":["post-12345","blog","type-blog","status-publish","has-post-thumbnail","hentry","tag-artikels","region-buiten-belgie","region-wallonie-nl","theme-ressource-hergebruik-nl","type-blog-buiten-onze-grenzen"],"acf":[],"yoast_head":"<!-- This site is optimized with the Yoast SEO plugin v27.1.1 - https:\/\/yoast.com\/product\/yoast-seo-wordpress\/ -->\n<title>Op naar Zwitserland voor een rondreis in het teken van hergebruik van materialen in de bouw - AD VITAM MATERIAL<\/title>\n<meta name=\"robots\" content=\"index, follow, max-snippet:-1, max-image-preview:large, max-video-preview:-1\" \/>\n<link rel=\"canonical\" href=\"https:\/\/advitam-material.be\/nl\/-blog\/op-naar-zwitserland-voor-een-rondreis-in-het-teken-van-hergebruik-van-materialen-in-de-bouw\/\" \/>\n<meta property=\"og:locale\" content=\"nl_NL\" \/>\n<meta property=\"og:type\" content=\"article\" \/>\n<meta property=\"og:title\" content=\"Op naar Zwitserland voor een rondreis in het teken van hergebruik van materialen in de bouw - AD VITAM MATERIAL\" \/>\n<meta property=\"og:description\" content=\"Van 22 tot 25 maart 2026 organiseren GreenWin en WBI Recherche &amp; Innovation, met de steun van AWEX, een rondreis naar Zwitserland die volledig in het teken staat van hergebruik van materialen in de bouw. Doel? Inspirerende Zwitserse praktijken leren kennen: bezoeken aan onderzoekscentra, ge\u00ebngageerde architectenbureaus \u2026 een overzicht van spelers die actief zijn in [&hellip;]\" \/>\n<meta property=\"og:url\" content=\"https:\/\/advitam-material.be\/nl\/-blog\/op-naar-zwitserland-voor-een-rondreis-in-het-teken-van-hergebruik-van-materialen-in-de-bouw\/\" \/>\n<meta property=\"og:site_name\" content=\"AD VITAM MATERIAL\" \/>\n<meta property=\"og:image\" content=\"https:\/\/advitam-material.be\/wp-content\/uploads\/2025\/12\/Image1.jpg\" \/>\n\t<meta property=\"og:image:width\" content=\"1386\" \/>\n\t<meta property=\"og:image:height\" content=\"780\" \/>\n\t<meta property=\"og:image:type\" content=\"image\/jpeg\" \/>\n<meta name=\"twitter:card\" content=\"summary_large_image\" \/>\n<meta name=\"twitter:label1\" content=\"Geschatte leestijd\" \/>\n\t<meta name=\"twitter:data1\" content=\"2 minuten\" \/>\n<script type=\"application\/ld+json\" class=\"yoast-schema-graph\">{\"@context\":\"https:\/\/schema.org\",\"@graph\":[{\"@type\":\"WebPage\",\"@id\":\"https:\/\/advitam-material.be\/nl\/-blog\/op-naar-zwitserland-voor-een-rondreis-in-het-teken-van-hergebruik-van-materialen-in-de-bouw\/\",\"url\":\"https:\/\/advitam-material.be\/nl\/-blog\/op-naar-zwitserland-voor-een-rondreis-in-het-teken-van-hergebruik-van-materialen-in-de-bouw\/\",\"name\":\"Op naar Zwitserland voor een rondreis in het teken van hergebruik van materialen in de bouw - AD VITAM MATERIAL\",\"isPartOf\":{\"@id\":\"https:\/\/advitam-material.be\/nl\/#website\"},\"primaryImageOfPage\":{\"@id\":\"https:\/\/advitam-material.be\/nl\/-blog\/op-naar-zwitserland-voor-een-rondreis-in-het-teken-van-hergebruik-van-materialen-in-de-bouw\/#primaryimage\"},\"image\":{\"@id\":\"https:\/\/advitam-material.be\/nl\/-blog\/op-naar-zwitserland-voor-een-rondreis-in-het-teken-van-hergebruik-van-materialen-in-de-bouw\/#primaryimage\"},\"thumbnailUrl\":\"https:\/\/advitam-material.be\/wp-content\/uploads\/2025\/12\/Image1.jpg\",\"datePublished\":\"2025-12-15T16:02:24+00:00\",\"inLanguage\":\"nl-NL\",\"potentialAction\":[{\"@type\":\"ReadAction\",\"target\":[\"https:\/\/advitam-material.be\/nl\/-blog\/op-naar-zwitserland-voor-een-rondreis-in-het-teken-van-hergebruik-van-materialen-in-de-bouw\/\"]}]},{\"@type\":\"ImageObject\",\"inLanguage\":\"nl-NL\",\"@id\":\"https:\/\/advitam-material.be\/nl\/-blog\/op-naar-zwitserland-voor-een-rondreis-in-het-teken-van-hergebruik-van-materialen-in-de-bouw\/#primaryimage\",\"url\":\"https:\/\/advitam-material.be\/wp-content\/uploads\/2025\/12\/Image1.jpg\",\"contentUrl\":\"https:\/\/advitam-material.be\/wp-content\/uploads\/2025\/12\/Image1.jpg\",\"width\":1386,\"height\":780},{\"@type\":\"WebSite\",\"@id\":\"https:\/\/advitam-material.be\/nl\/#website\",\"url\":\"https:\/\/advitam-material.be\/nl\/\",\"name\":\"AD VITAM MATERIAL - Le r\u00e9seau du r\u00e9emploi dans la construction en Belgique\",\"description\":\"Netwerk voor hergebruik in de bouw in Belgi\u00eb\",\"potentialAction\":[{\"@type\":\"SearchAction\",\"target\":{\"@type\":\"EntryPoint\",\"urlTemplate\":\"https:\/\/advitam-material.be\/nl\/?s={search_term_string}\"},\"query-input\":{\"@type\":\"PropertyValueSpecification\",\"valueRequired\":true,\"valueName\":\"search_term_string\"}}],\"inLanguage\":\"nl-NL\"}]}<\/script>\n<!-- \/ Yoast SEO plugin. -->","yoast_head_json":{"title":"Op naar Zwitserland voor een rondreis in het teken van hergebruik van materialen in de bouw - AD VITAM MATERIAL","robots":{"index":"index","follow":"follow","max-snippet":"max-snippet:-1","max-image-preview":"max-image-preview:large","max-video-preview":"max-video-preview:-1"},"canonical":"https:\/\/advitam-material.be\/nl\/-blog\/op-naar-zwitserland-voor-een-rondreis-in-het-teken-van-hergebruik-van-materialen-in-de-bouw\/","og_locale":"nl_NL","og_type":"article","og_title":"Op naar Zwitserland voor een rondreis in het teken van hergebruik van materialen in de bouw - AD VITAM MATERIAL","og_description":"Van 22 tot 25 maart 2026 organiseren GreenWin en WBI Recherche &amp; Innovation, met de steun van AWEX, een rondreis naar Zwitserland die volledig in het teken staat van hergebruik van materialen in de bouw. Doel? Inspirerende Zwitserse praktijken leren kennen: bezoeken aan onderzoekscentra, ge\u00ebngageerde architectenbureaus \u2026 een overzicht van spelers die actief zijn in [&hellip;]","og_url":"https:\/\/advitam-material.be\/nl\/-blog\/op-naar-zwitserland-voor-een-rondreis-in-het-teken-van-hergebruik-van-materialen-in-de-bouw\/","og_site_name":"AD VITAM MATERIAL","og_image":[{"width":1386,"height":780,"url":"https:\/\/advitam-material.be\/wp-content\/uploads\/2025\/12\/Image1.jpg","type":"image\/jpeg"}],"twitter_card":"summary_large_image","twitter_misc":{"Geschatte leestijd":"2 minuten"},"schema":{"@context":"https:\/\/schema.org","@graph":[{"@type":"WebPage","@id":"https:\/\/advitam-material.be\/nl\/-blog\/op-naar-zwitserland-voor-een-rondreis-in-het-teken-van-hergebruik-van-materialen-in-de-bouw\/","url":"https:\/\/advitam-material.be\/nl\/-blog\/op-naar-zwitserland-voor-een-rondreis-in-het-teken-van-hergebruik-van-materialen-in-de-bouw\/","name":"Op naar Zwitserland voor een rondreis in het teken van hergebruik van materialen in de bouw - AD VITAM MATERIAL","isPartOf":{"@id":"https:\/\/advitam-material.be\/nl\/#website"},"primaryImageOfPage":{"@id":"https:\/\/advitam-material.be\/nl\/-blog\/op-naar-zwitserland-voor-een-rondreis-in-het-teken-van-hergebruik-van-materialen-in-de-bouw\/#primaryimage"},"image":{"@id":"https:\/\/advitam-material.be\/nl\/-blog\/op-naar-zwitserland-voor-een-rondreis-in-het-teken-van-hergebruik-van-materialen-in-de-bouw\/#primaryimage"},"thumbnailUrl":"https:\/\/advitam-material.be\/wp-content\/uploads\/2025\/12\/Image1.jpg","datePublished":"2025-12-15T16:02:24+00:00","inLanguage":"nl-NL","potentialAction":[{"@type":"ReadAction","target":["https:\/\/advitam-material.be\/nl\/-blog\/op-naar-zwitserland-voor-een-rondreis-in-het-teken-van-hergebruik-van-materialen-in-de-bouw\/"]}]},{"@type":"ImageObject","inLanguage":"nl-NL","@id":"https:\/\/advitam-material.be\/nl\/-blog\/op-naar-zwitserland-voor-een-rondreis-in-het-teken-van-hergebruik-van-materialen-in-de-bouw\/#primaryimage","url":"https:\/\/advitam-material.be\/wp-content\/uploads\/2025\/12\/Image1.jpg","contentUrl":"https:\/\/advitam-material.be\/wp-content\/uploads\/2025\/12\/Image1.jpg","width":1386,"height":780},{"@type":"WebSite","@id":"https:\/\/advitam-material.be\/nl\/#website","url":"https:\/\/advitam-material.be\/nl\/","name":"AD VITAM MATERIAL - Le r\u00e9seau du r\u00e9emploi dans la construction en Belgique","description":"Netwerk voor hergebruik in de bouw in Belgi\u00eb","potentialAction":[{"@type":"SearchAction","target":{"@type":"EntryPoint","urlTemplate":"https:\/\/advitam-material.be\/nl\/?s={search_term_string}"},"query-input":{"@type":"PropertyValueSpecification","valueRequired":true,"valueName":"search_term_string"}}],"inLanguage":"nl-NL"}]}},"_links":{"self":[{"href":"https:\/\/advitam-material.be\/nl\/wp-json\/wp\/v2\/blog\/12345","targetHints":{"allow":["GET"]}}],"collection":[{"href":"https:\/\/advitam-material.be\/nl\/wp-json\/wp\/v2\/blog"}],"about":[{"href":"https:\/\/advitam-material.be\/nl\/wp-json\/wp\/v2\/types\/blog"}],"version-history":[{"count":0,"href":"https:\/\/advitam-material.be\/nl\/wp-json\/wp\/v2\/blog\/12345\/revisions"}],"wp:featuredmedia":[{"embeddable":true,"href":"https:\/\/advitam-material.be\/nl\/wp-json\/wp\/v2\/media\/12343"}],"wp:attachment":[{"href":"https:\/\/advitam-material.be\/nl\/wp-json\/wp\/v2\/media?parent=12345"}],"wp:term":[{"taxonomy":"post_tag","embeddable":true,"href":"https:\/\/advitam-material.be\/nl\/wp-json\/wp\/v2\/tags?post=12345"},{"taxonomy":"region","embeddable":true,"href":"https:\/\/advitam-material.be\/nl\/wp-json\/wp\/v2\/region?post=12345"},{"taxonomy":"theme-ressource","embeddable":true,"href":"https:\/\/advitam-material.be\/nl\/wp-json\/wp\/v2\/theme-ressource?post=12345"},{"taxonomy":"type-blog","embeddable":true,"href":"https:\/\/advitam-material.be\/nl\/wp-json\/wp\/v2\/type-blog?post=12345"}],"curies":[{"name":"wp","href":"https:\/\/api.w.org\/{rel}","templated":true}]}}