{"id":12520,"date":"2026-04-28T09:20:53","date_gmt":"2026-04-28T07:20:53","guid":{"rendered":"https:\/\/advitam-material.be\/?post_type=blog&#038;p=12520"},"modified":"2026-04-28T09:20:53","modified_gmt":"2026-04-28T07:20:53","slug":"nieuws-lancering-van-ons-nieuw-circulair-platform-voor-activabeheer","status":"publish","type":"blog","link":"https:\/\/advitam-material.be\/nl\/-blog\/nieuws-lancering-van-ons-nieuw-circulair-platform-voor-activabeheer\/","title":{"rendered":"Nieuws: Lancering van ons nieuw circulair platform voor activabeheer"},"content":{"rendered":"<p><img fetchpriority=\"high\" decoding=\"async\" class=\"alignnone wp-image-12516\" src=\"https:\/\/advitam-material.be\/wp-content\/uploads\/2026\/04\/1774457396240-240x300.jpg\" alt=\"\" width=\"381\" height=\"476\" srcset=\"https:\/\/advitam-material.be\/wp-content\/uploads\/2026\/04\/1774457396240-240x300.jpg 240w, https:\/\/advitam-material.be\/wp-content\/uploads\/2026\/04\/1774457396240-819x1024.jpg 819w, https:\/\/advitam-material.be\/wp-content\/uploads\/2026\/04\/1774457396240-768x960.jpg 768w, https:\/\/advitam-material.be\/wp-content\/uploads\/2026\/04\/1774457396240.jpg 1080w\" sizes=\"(max-width: 381px) 100vw, 381px\" \/><\/p>\n<p>&nbsp;<\/p>\n<p>Na 4 jaar werken in het veld met Relieve Furniture | Certified B Corp\u2122, waarbij we meer dan 200 van de grootste bedrijven hebben geholpen om hun beheer van overtollige kantoormeubelen te herdenken, ben ik tot \u00e9\u00e9n onmiskenbare conclusie gekomen. Als het gaat om kantoormeubelen, weet vrijwel geen enkel bedrijf, groot of klein, echt wat het bezit. De meeste vertrouwen op een ruwe Excel-sheet, een paar wazige foto&#8217;s bij een verhuis, en een zeer beperkt inzicht in de werkelijke waarde van hun activa.  <\/p>\n<p>Daarom richtte Relieve zich op het digitaliseren van de inventaris als een eerste en essenti\u00eble stap, eenvoudig en gemakkelijk te implementeren. De resultaten spraken snel voor zich. Meer dan 50% van de 40.000 ongebruikte of ongewenste kantoormeubelen die we hebben verwerkt, kregen een tweede leven via ons marktplatform en onze kanalen met begunstigden. Dit verminderde de afvoerkosten aanzienlijk, optimaliseerde hergebruik, genereerde inkomsten via doorverkoop en verlaagde de CO\u2082-impact, allemaal met een paar klikken.   <\/p>\n<p>Wat begon als een intern systeem om verhuizingen te vereenvoudigen, werd al snel een krachtig instrument. We vroegen ons dan ook af waarom we dit systeem niet op de markt zouden brengen en rechtstreeks in handen zouden geven van bedrijven, zodat zij de controle over hun activa kunnen herwinnen. <\/p>\n<p>Daarom ben ik verheugd om officieel ons nieuw circulair platform voor activabeheer te lanceren, ontworpen om bedrijven met meerdere vestigingen volledige zichtbaarheid over hun activa te bieden en hen te helpen de echte waarde ervan te ontsluiten via eenvoudige en bruikbare inzichten. Van toestandsopvolging tot een transversaal overzicht van locaties, hoeveelheden en gebruik: bedrijven kunnen onmiddellijk ongebruikte of ondergebruikte items identificeren en actie ondernemen. Herbestemmen, overdragen, herstellen, verkopen, weggeven of recycleren, allemaal met een paar klikken, waarbij Relieve een servicegerichte oplossing blijft met het volledige ecosysteem ge\u00efntegreerd in het platform. De kracht ligt in de combinatie van een dagelijks digitaal hulpmiddel met een operationele servicelaag. Naast de milieu-impact biedt dit ook een grote kans om verborgen kosten te verminderen en tijd te besparen. Volgende week deel ik onze simulator, die een schatting geeft van de potenti\u00eble besparingen op uw activa. Aarzel niet om uw ESG-verantwoordelijke, Facilities Manager of CFO-collega&#8217;s te taggen, dit is voor hen gemaak! U kunt mij ook rechtstreeks contacteren als u er verder over wilt praten       <\/p>\n","protected":false},"featured_media":12515,"template":"","meta":{"_acf_changed":false},"tags":[429],"region":[77],"theme-ressource":[],"type-blog":[101,100],"class_list":["post-12520","blog","type-blog","status-publish","has-post-thumbnail","hentry","tag-artikels","region-brussels-hoofdstedelijk-gewest","type-blog-actualiteit","type-blog-digitale-hulpmiddelen"],"acf":[],"yoast_head":"<!-- This site is optimized with the Yoast SEO plugin v27.1.1 - https:\/\/yoast.com\/product\/yoast-seo-wordpress\/ -->\n<title>Nieuws: Lancering van ons nieuw circulair platform voor activabeheer - AD VITAM MATERIAL<\/title>\n<meta name=\"robots\" content=\"index, follow, max-snippet:-1, max-image-preview:large, max-video-preview:-1\" \/>\n<link rel=\"canonical\" href=\"https:\/\/advitam-material.be\/nl\/-blog\/nieuws-lancering-van-ons-nieuw-circulair-platform-voor-activabeheer\/\" \/>\n<meta property=\"og:locale\" content=\"nl_NL\" \/>\n<meta property=\"og:type\" content=\"article\" \/>\n<meta property=\"og:title\" content=\"Nieuws: Lancering van ons nieuw circulair platform voor activabeheer - AD VITAM MATERIAL\" \/>\n<meta property=\"og:description\" content=\"&nbsp; Na 4 jaar werken in het veld met Relieve Furniture | Certified B Corp\u2122, waarbij we meer dan 200 van de grootste bedrijven hebben geholpen om hun beheer van overtollige kantoormeubelen te herdenken, ben ik tot \u00e9\u00e9n onmiskenbare conclusie gekomen. Als het gaat om kantoormeubelen, weet vrijwel geen enkel bedrijf, groot of klein, echt [&hellip;]\" \/>\n<meta property=\"og:url\" content=\"https:\/\/advitam-material.be\/nl\/-blog\/nieuws-lancering-van-ons-nieuw-circulair-platform-voor-activabeheer\/\" \/>\n<meta property=\"og:site_name\" content=\"AD VITAM MATERIAL\" \/>\n<meta property=\"og:image\" content=\"https:\/\/advitam-material.be\/wp-content\/uploads\/2026\/04\/1774457395837.jpg\" \/>\n\t<meta property=\"og:image:width\" content=\"1080\" \/>\n\t<meta property=\"og:image:height\" content=\"1350\" \/>\n\t<meta property=\"og:image:type\" content=\"image\/jpeg\" \/>\n<meta name=\"twitter:card\" content=\"summary_large_image\" \/>\n<meta name=\"twitter:label1\" content=\"Geschatte leestijd\" \/>\n\t<meta name=\"twitter:data1\" content=\"2 minuten\" \/>\n<script type=\"application\/ld+json\" class=\"yoast-schema-graph\">{\"@context\":\"https:\/\/schema.org\",\"@graph\":[{\"@type\":\"WebPage\",\"@id\":\"https:\/\/advitam-material.be\/nl\/-blog\/nieuws-lancering-van-ons-nieuw-circulair-platform-voor-activabeheer\/\",\"url\":\"https:\/\/advitam-material.be\/nl\/-blog\/nieuws-lancering-van-ons-nieuw-circulair-platform-voor-activabeheer\/\",\"name\":\"Nieuws: Lancering van ons nieuw circulair platform voor activabeheer - AD VITAM MATERIAL\",\"isPartOf\":{\"@id\":\"https:\/\/advitam-material.be\/nl\/#website\"},\"primaryImageOfPage\":{\"@id\":\"https:\/\/advitam-material.be\/nl\/-blog\/nieuws-lancering-van-ons-nieuw-circulair-platform-voor-activabeheer\/#primaryimage\"},\"image\":{\"@id\":\"https:\/\/advitam-material.be\/nl\/-blog\/nieuws-lancering-van-ons-nieuw-circulair-platform-voor-activabeheer\/#primaryimage\"},\"thumbnailUrl\":\"https:\/\/advitam-material.be\/wp-content\/uploads\/2026\/04\/1774457395837.jpg\",\"datePublished\":\"2026-04-28T07:20:53+00:00\",\"inLanguage\":\"nl-NL\",\"potentialAction\":[{\"@type\":\"ReadAction\",\"target\":[\"https:\/\/advitam-material.be\/nl\/-blog\/nieuws-lancering-van-ons-nieuw-circulair-platform-voor-activabeheer\/\"]}]},{\"@type\":\"ImageObject\",\"inLanguage\":\"nl-NL\",\"@id\":\"https:\/\/advitam-material.be\/nl\/-blog\/nieuws-lancering-van-ons-nieuw-circulair-platform-voor-activabeheer\/#primaryimage\",\"url\":\"https:\/\/advitam-material.be\/wp-content\/uploads\/2026\/04\/1774457395837.jpg\",\"contentUrl\":\"https:\/\/advitam-material.be\/wp-content\/uploads\/2026\/04\/1774457395837.jpg\",\"width\":1080,\"height\":1350},{\"@type\":\"WebSite\",\"@id\":\"https:\/\/advitam-material.be\/nl\/#website\",\"url\":\"https:\/\/advitam-material.be\/nl\/\",\"name\":\"AD VITAM MATERIAL - Le r\u00e9seau du r\u00e9emploi dans la construction en Belgique\",\"description\":\"Netwerk voor hergebruik in de bouw in Belgi\u00eb\",\"potentialAction\":[{\"@type\":\"SearchAction\",\"target\":{\"@type\":\"EntryPoint\",\"urlTemplate\":\"https:\/\/advitam-material.be\/nl\/?s={search_term_string}\"},\"query-input\":{\"@type\":\"PropertyValueSpecification\",\"valueRequired\":true,\"valueName\":\"search_term_string\"}}],\"inLanguage\":\"nl-NL\"}]}<\/script>\n<!-- \/ Yoast SEO plugin. -->","yoast_head_json":{"title":"Nieuws: Lancering van ons nieuw circulair platform voor activabeheer - AD VITAM MATERIAL","robots":{"index":"index","follow":"follow","max-snippet":"max-snippet:-1","max-image-preview":"max-image-preview:large","max-video-preview":"max-video-preview:-1"},"canonical":"https:\/\/advitam-material.be\/nl\/-blog\/nieuws-lancering-van-ons-nieuw-circulair-platform-voor-activabeheer\/","og_locale":"nl_NL","og_type":"article","og_title":"Nieuws: Lancering van ons nieuw circulair platform voor activabeheer - AD VITAM MATERIAL","og_description":"&nbsp; Na 4 jaar werken in het veld met Relieve Furniture | Certified B Corp\u2122, waarbij we meer dan 200 van de grootste bedrijven hebben geholpen om hun beheer van overtollige kantoormeubelen te herdenken, ben ik tot \u00e9\u00e9n onmiskenbare conclusie gekomen. Als het gaat om kantoormeubelen, weet vrijwel geen enkel bedrijf, groot of klein, echt [&hellip;]","og_url":"https:\/\/advitam-material.be\/nl\/-blog\/nieuws-lancering-van-ons-nieuw-circulair-platform-voor-activabeheer\/","og_site_name":"AD VITAM MATERIAL","og_image":[{"width":1080,"height":1350,"url":"https:\/\/advitam-material.be\/wp-content\/uploads\/2026\/04\/1774457395837.jpg","type":"image\/jpeg"}],"twitter_card":"summary_large_image","twitter_misc":{"Geschatte leestijd":"2 minuten"},"schema":{"@context":"https:\/\/schema.org","@graph":[{"@type":"WebPage","@id":"https:\/\/advitam-material.be\/nl\/-blog\/nieuws-lancering-van-ons-nieuw-circulair-platform-voor-activabeheer\/","url":"https:\/\/advitam-material.be\/nl\/-blog\/nieuws-lancering-van-ons-nieuw-circulair-platform-voor-activabeheer\/","name":"Nieuws: Lancering van ons nieuw circulair platform voor activabeheer - AD VITAM MATERIAL","isPartOf":{"@id":"https:\/\/advitam-material.be\/nl\/#website"},"primaryImageOfPage":{"@id":"https:\/\/advitam-material.be\/nl\/-blog\/nieuws-lancering-van-ons-nieuw-circulair-platform-voor-activabeheer\/#primaryimage"},"image":{"@id":"https:\/\/advitam-material.be\/nl\/-blog\/nieuws-lancering-van-ons-nieuw-circulair-platform-voor-activabeheer\/#primaryimage"},"thumbnailUrl":"https:\/\/advitam-material.be\/wp-content\/uploads\/2026\/04\/1774457395837.jpg","datePublished":"2026-04-28T07:20:53+00:00","inLanguage":"nl-NL","potentialAction":[{"@type":"ReadAction","target":["https:\/\/advitam-material.be\/nl\/-blog\/nieuws-lancering-van-ons-nieuw-circulair-platform-voor-activabeheer\/"]}]},{"@type":"ImageObject","inLanguage":"nl-NL","@id":"https:\/\/advitam-material.be\/nl\/-blog\/nieuws-lancering-van-ons-nieuw-circulair-platform-voor-activabeheer\/#primaryimage","url":"https:\/\/advitam-material.be\/wp-content\/uploads\/2026\/04\/1774457395837.jpg","contentUrl":"https:\/\/advitam-material.be\/wp-content\/uploads\/2026\/04\/1774457395837.jpg","width":1080,"height":1350},{"@type":"WebSite","@id":"https:\/\/advitam-material.be\/nl\/#website","url":"https:\/\/advitam-material.be\/nl\/","name":"AD VITAM MATERIAL - Le r\u00e9seau du r\u00e9emploi dans la construction en Belgique","description":"Netwerk voor hergebruik in de bouw in Belgi\u00eb","potentialAction":[{"@type":"SearchAction","target":{"@type":"EntryPoint","urlTemplate":"https:\/\/advitam-material.be\/nl\/?s={search_term_string}"},"query-input":{"@type":"PropertyValueSpecification","valueRequired":true,"valueName":"search_term_string"}}],"inLanguage":"nl-NL"}]}},"_links":{"self":[{"href":"https:\/\/advitam-material.be\/nl\/wp-json\/wp\/v2\/blog\/12520","targetHints":{"allow":["GET"]}}],"collection":[{"href":"https:\/\/advitam-material.be\/nl\/wp-json\/wp\/v2\/blog"}],"about":[{"href":"https:\/\/advitam-material.be\/nl\/wp-json\/wp\/v2\/types\/blog"}],"version-history":[{"count":1,"href":"https:\/\/advitam-material.be\/nl\/wp-json\/wp\/v2\/blog\/12520\/revisions"}],"predecessor-version":[{"id":12586,"href":"https:\/\/advitam-material.be\/nl\/wp-json\/wp\/v2\/blog\/12520\/revisions\/12586"}],"wp:featuredmedia":[{"embeddable":true,"href":"https:\/\/advitam-material.be\/nl\/wp-json\/wp\/v2\/media\/12515"}],"wp:attachment":[{"href":"https:\/\/advitam-material.be\/nl\/wp-json\/wp\/v2\/media?parent=12520"}],"wp:term":[{"taxonomy":"post_tag","embeddable":true,"href":"https:\/\/advitam-material.be\/nl\/wp-json\/wp\/v2\/tags?post=12520"},{"taxonomy":"region","embeddable":true,"href":"https:\/\/advitam-material.be\/nl\/wp-json\/wp\/v2\/region?post=12520"},{"taxonomy":"theme-ressource","embeddable":true,"href":"https:\/\/advitam-material.be\/nl\/wp-json\/wp\/v2\/theme-ressource?post=12520"},{"taxonomy":"type-blog","embeddable":true,"href":"https:\/\/advitam-material.be\/nl\/wp-json\/wp\/v2\/type-blog?post=12520"}],"curies":[{"name":"wp","href":"https:\/\/api.w.org\/{rel}","templated":true}]}}