{"id":12551,"date":"2026-04-28T09:19:41","date_gmt":"2026-04-28T07:19:41","guid":{"rendered":"https:\/\/advitam-material.be\/?post_type=blog&#038;p=12551"},"modified":"2026-04-28T09:19:41","modified_gmt":"2026-04-28T07:19:41","slug":"democo-is-op-zoek-naar-de-volgende-hergebruikmaterialen","status":"publish","type":"blog","link":"https:\/\/advitam-material.be\/nl\/-blog\/democo-is-op-zoek-naar-de-volgende-hergebruikmaterialen\/","title":{"rendered":"Democo is op zoek naar de volgende hergebruikmaterialen"},"content":{"rendered":"<ul>\n<li>2200 m\u00b2 XPS met een dikte van 14 cm (druksterkte 300 kPa of 500 kPa) &#8211;&gt; tegen mei.<\/li>\n<li>1750 platen multiplex met een dikte van 18 cm (afmetingen 2,5 m \u00d7 1 m of andere afmetingen) &#8211;&gt; tegen eind juni.<\/li>\n<li>50 gelamineerde houten balken (glulam) van 11,5 \u00d7 60 \u00d7 1109 cm &#8211;&gt; tegen juni.<\/li>\n<li>70 gelamineerde houten balken (glulam) van 11,5 \u00d7 60 \u00d7 560 cm &#8211;&gt; tegen juni.<\/li>\n<li>2897 m\u00b2 metalen gevelplaten (gegolfd of vlak) &#8211;&gt; tegen september of oktober.<\/li>\n<li>1630 m\u00b2 Eurodal- of Stelconplaten van 200 \u00d7 200 \u00d7 14 cm (of andere afmetingen) &#8211;&gt; tegen juni.<\/li>\n<li>362,45 m\u00b2 beton met een maximale dikte van 15 cm (of een gevelbekleding vergelijkbaar met beton), te plaatsen tegen de gevel (stootbescherming) &#8211;&gt; tegen september of oktober.<\/li>\n<li>IPE 450-profielen (verschillende lengtes) &#8211;&gt; meteen leverbaar.<\/li>\n<li>IPE 500-profielen (verschillende lengtes) &#8211;&gt; meteen leverbaar.<\/li>\n<\/ul>\n<p>&nbsp;<\/p>\n<p><strong>Kan je Democo helpen bij deze zoektocht? Neem dan contact op met Sylvie Poppe : Sylvie.Poppe@democo.be<\/strong><\/p>\n","protected":false},"featured_media":12550,"template":"","meta":{"_acf_changed":false},"tags":[429],"region":[77],"theme-ressource":[415],"type-blog":[106],"class_list":["post-12551","blog","type-blog","status-publish","has-post-thumbnail","hentry","tag-artikels","region-brussels-hoofdstedelijk-gewest","theme-ressource-inventaris","type-blog-materiaaladvertentie"],"acf":[],"yoast_head":"<!-- This site is optimized with the Yoast SEO plugin v27.1.1 - https:\/\/yoast.com\/product\/yoast-seo-wordpress\/ -->\n<title>Democo is op zoek naar de volgende hergebruikmaterialen - AD VITAM MATERIAL<\/title>\n<meta name=\"robots\" content=\"index, follow, max-snippet:-1, max-image-preview:large, max-video-preview:-1\" \/>\n<link rel=\"canonical\" href=\"https:\/\/advitam-material.be\/nl\/-blog\/democo-is-op-zoek-naar-de-volgende-hergebruikmaterialen\/\" \/>\n<meta property=\"og:locale\" content=\"nl_NL\" \/>\n<meta property=\"og:type\" content=\"article\" \/>\n<meta property=\"og:title\" content=\"Democo is op zoek naar de volgende hergebruikmaterialen - AD VITAM MATERIAL\" \/>\n<meta property=\"og:description\" content=\"2200 m\u00b2 XPS met een dikte van 14 cm (druksterkte 300 kPa of 500 kPa) &#8211;&gt; tegen mei. 1750 platen multiplex met een dikte van 18 cm (afmetingen 2,5 m \u00d7 1 m of andere afmetingen) &#8211;&gt; tegen eind juni. 50 gelamineerde houten balken (glulam) van 11,5 \u00d7 60 \u00d7 1109 cm &#8211;&gt; tegen juni. [&hellip;]\" \/>\n<meta property=\"og:url\" content=\"https:\/\/advitam-material.be\/nl\/-blog\/democo-is-op-zoek-naar-de-volgende-hergebruikmaterialen\/\" \/>\n<meta property=\"og:site_name\" content=\"AD VITAM MATERIAL\" \/>\n<meta property=\"og:image\" content=\"https:\/\/advitam-material.be\/wp-content\/uploads\/2026\/04\/Democo.jpg\" \/>\n\t<meta property=\"og:image:width\" content=\"570\" \/>\n\t<meta property=\"og:image:height\" content=\"320\" \/>\n\t<meta property=\"og:image:type\" content=\"image\/jpeg\" \/>\n<meta name=\"twitter:card\" content=\"summary_large_image\" \/>\n<meta name=\"twitter:label1\" content=\"Geschatte leestijd\" \/>\n\t<meta name=\"twitter:data1\" content=\"1 minuut\" \/>\n<script type=\"application\/ld+json\" class=\"yoast-schema-graph\">{\"@context\":\"https:\/\/schema.org\",\"@graph\":[{\"@type\":\"WebPage\",\"@id\":\"https:\/\/advitam-material.be\/nl\/-blog\/democo-is-op-zoek-naar-de-volgende-hergebruikmaterialen\/\",\"url\":\"https:\/\/advitam-material.be\/nl\/-blog\/democo-is-op-zoek-naar-de-volgende-hergebruikmaterialen\/\",\"name\":\"Democo is op zoek naar de volgende hergebruikmaterialen - AD VITAM MATERIAL\",\"isPartOf\":{\"@id\":\"https:\/\/advitam-material.be\/nl\/#website\"},\"primaryImageOfPage\":{\"@id\":\"https:\/\/advitam-material.be\/nl\/-blog\/democo-is-op-zoek-naar-de-volgende-hergebruikmaterialen\/#primaryimage\"},\"image\":{\"@id\":\"https:\/\/advitam-material.be\/nl\/-blog\/democo-is-op-zoek-naar-de-volgende-hergebruikmaterialen\/#primaryimage\"},\"thumbnailUrl\":\"https:\/\/advitam-material.be\/wp-content\/uploads\/2026\/04\/Democo.jpg\",\"datePublished\":\"2026-04-28T07:19:41+00:00\",\"inLanguage\":\"nl-NL\",\"potentialAction\":[{\"@type\":\"ReadAction\",\"target\":[\"https:\/\/advitam-material.be\/nl\/-blog\/democo-is-op-zoek-naar-de-volgende-hergebruikmaterialen\/\"]}]},{\"@type\":\"ImageObject\",\"inLanguage\":\"nl-NL\",\"@id\":\"https:\/\/advitam-material.be\/nl\/-blog\/democo-is-op-zoek-naar-de-volgende-hergebruikmaterialen\/#primaryimage\",\"url\":\"https:\/\/advitam-material.be\/wp-content\/uploads\/2026\/04\/Democo.jpg\",\"contentUrl\":\"https:\/\/advitam-material.be\/wp-content\/uploads\/2026\/04\/Democo.jpg\",\"width\":570,\"height\":320},{\"@type\":\"WebSite\",\"@id\":\"https:\/\/advitam-material.be\/nl\/#website\",\"url\":\"https:\/\/advitam-material.be\/nl\/\",\"name\":\"AD VITAM MATERIAL - Le r\u00e9seau du r\u00e9emploi dans la construction en Belgique\",\"description\":\"Netwerk voor hergebruik in de bouw in Belgi\u00eb\",\"potentialAction\":[{\"@type\":\"SearchAction\",\"target\":{\"@type\":\"EntryPoint\",\"urlTemplate\":\"https:\/\/advitam-material.be\/nl\/?s={search_term_string}\"},\"query-input\":{\"@type\":\"PropertyValueSpecification\",\"valueRequired\":true,\"valueName\":\"search_term_string\"}}],\"inLanguage\":\"nl-NL\"}]}<\/script>\n<!-- \/ Yoast SEO plugin. -->","yoast_head_json":{"title":"Democo is op zoek naar de volgende hergebruikmaterialen - AD VITAM MATERIAL","robots":{"index":"index","follow":"follow","max-snippet":"max-snippet:-1","max-image-preview":"max-image-preview:large","max-video-preview":"max-video-preview:-1"},"canonical":"https:\/\/advitam-material.be\/nl\/-blog\/democo-is-op-zoek-naar-de-volgende-hergebruikmaterialen\/","og_locale":"nl_NL","og_type":"article","og_title":"Democo is op zoek naar de volgende hergebruikmaterialen - AD VITAM MATERIAL","og_description":"2200 m\u00b2 XPS met een dikte van 14 cm (druksterkte 300 kPa of 500 kPa) &#8211;&gt; tegen mei. 1750 platen multiplex met een dikte van 18 cm (afmetingen 2,5 m \u00d7 1 m of andere afmetingen) &#8211;&gt; tegen eind juni. 50 gelamineerde houten balken (glulam) van 11,5 \u00d7 60 \u00d7 1109 cm &#8211;&gt; tegen juni. [&hellip;]","og_url":"https:\/\/advitam-material.be\/nl\/-blog\/democo-is-op-zoek-naar-de-volgende-hergebruikmaterialen\/","og_site_name":"AD VITAM MATERIAL","og_image":[{"width":570,"height":320,"url":"https:\/\/advitam-material.be\/wp-content\/uploads\/2026\/04\/Democo.jpg","type":"image\/jpeg"}],"twitter_card":"summary_large_image","twitter_misc":{"Geschatte leestijd":"1 minuut"},"schema":{"@context":"https:\/\/schema.org","@graph":[{"@type":"WebPage","@id":"https:\/\/advitam-material.be\/nl\/-blog\/democo-is-op-zoek-naar-de-volgende-hergebruikmaterialen\/","url":"https:\/\/advitam-material.be\/nl\/-blog\/democo-is-op-zoek-naar-de-volgende-hergebruikmaterialen\/","name":"Democo is op zoek naar de volgende hergebruikmaterialen - AD VITAM MATERIAL","isPartOf":{"@id":"https:\/\/advitam-material.be\/nl\/#website"},"primaryImageOfPage":{"@id":"https:\/\/advitam-material.be\/nl\/-blog\/democo-is-op-zoek-naar-de-volgende-hergebruikmaterialen\/#primaryimage"},"image":{"@id":"https:\/\/advitam-material.be\/nl\/-blog\/democo-is-op-zoek-naar-de-volgende-hergebruikmaterialen\/#primaryimage"},"thumbnailUrl":"https:\/\/advitam-material.be\/wp-content\/uploads\/2026\/04\/Democo.jpg","datePublished":"2026-04-28T07:19:41+00:00","inLanguage":"nl-NL","potentialAction":[{"@type":"ReadAction","target":["https:\/\/advitam-material.be\/nl\/-blog\/democo-is-op-zoek-naar-de-volgende-hergebruikmaterialen\/"]}]},{"@type":"ImageObject","inLanguage":"nl-NL","@id":"https:\/\/advitam-material.be\/nl\/-blog\/democo-is-op-zoek-naar-de-volgende-hergebruikmaterialen\/#primaryimage","url":"https:\/\/advitam-material.be\/wp-content\/uploads\/2026\/04\/Democo.jpg","contentUrl":"https:\/\/advitam-material.be\/wp-content\/uploads\/2026\/04\/Democo.jpg","width":570,"height":320},{"@type":"WebSite","@id":"https:\/\/advitam-material.be\/nl\/#website","url":"https:\/\/advitam-material.be\/nl\/","name":"AD VITAM MATERIAL - Le r\u00e9seau du r\u00e9emploi dans la construction en Belgique","description":"Netwerk voor hergebruik in de bouw in Belgi\u00eb","potentialAction":[{"@type":"SearchAction","target":{"@type":"EntryPoint","urlTemplate":"https:\/\/advitam-material.be\/nl\/?s={search_term_string}"},"query-input":{"@type":"PropertyValueSpecification","valueRequired":true,"valueName":"search_term_string"}}],"inLanguage":"nl-NL"}]}},"_links":{"self":[{"href":"https:\/\/advitam-material.be\/nl\/wp-json\/wp\/v2\/blog\/12551","targetHints":{"allow":["GET"]}}],"collection":[{"href":"https:\/\/advitam-material.be\/nl\/wp-json\/wp\/v2\/blog"}],"about":[{"href":"https:\/\/advitam-material.be\/nl\/wp-json\/wp\/v2\/types\/blog"}],"version-history":[{"count":2,"href":"https:\/\/advitam-material.be\/nl\/wp-json\/wp\/v2\/blog\/12551\/revisions"}],"predecessor-version":[{"id":12553,"href":"https:\/\/advitam-material.be\/nl\/wp-json\/wp\/v2\/blog\/12551\/revisions\/12553"}],"wp:featuredmedia":[{"embeddable":true,"href":"https:\/\/advitam-material.be\/nl\/wp-json\/wp\/v2\/media\/12550"}],"wp:attachment":[{"href":"https:\/\/advitam-material.be\/nl\/wp-json\/wp\/v2\/media?parent=12551"}],"wp:term":[{"taxonomy":"post_tag","embeddable":true,"href":"https:\/\/advitam-material.be\/nl\/wp-json\/wp\/v2\/tags?post=12551"},{"taxonomy":"region","embeddable":true,"href":"https:\/\/advitam-material.be\/nl\/wp-json\/wp\/v2\/region?post=12551"},{"taxonomy":"theme-ressource","embeddable":true,"href":"https:\/\/advitam-material.be\/nl\/wp-json\/wp\/v2\/theme-ressource?post=12551"},{"taxonomy":"type-blog","embeddable":true,"href":"https:\/\/advitam-material.be\/nl\/wp-json\/wp\/v2\/type-blog?post=12551"}],"curies":[{"name":"wp","href":"https:\/\/api.w.org\/{rel}","templated":true}]}}