{"id":12565,"date":"2026-04-28T09:18:53","date_gmt":"2026-04-28T07:18:53","guid":{"rendered":"https:\/\/advitam-material.be\/?post_type=blog&#038;p=12565"},"modified":"2026-04-28T09:18:53","modified_gmt":"2026-04-28T07:18:53","slug":"duurzame-samenwerkingsprojecten-kanton-vaud","status":"publish","type":"blog","link":"https:\/\/advitam-material.be\/nl\/-blog\/duurzame-samenwerkingsprojecten-kanton-vaud\/","title":{"rendered":"Duurzame samenwerkingsprojecten | Kanton Vaud"},"content":{"rendered":"<p><strong>Belgische bedrijven: wat als jullie een stapje verder zouden gaan \u2026 door samen te werken met Zwitserland? <\/strong><\/p>\n<p>&nbsp;<\/p>\n<p><img fetchpriority=\"high\" decoding=\"async\" class=\"alignnone wp-image-12557\" src=\"https:\/\/advitam-material.be\/wp-content\/uploads\/2026\/04\/Suisse-300x168.png\" alt=\"\" width=\"588\" height=\"329\" srcset=\"https:\/\/advitam-material.be\/wp-content\/uploads\/2026\/04\/Suisse-300x168.png 300w, https:\/\/advitam-material.be\/wp-content\/uploads\/2026\/04\/Suisse.png 570w\" sizes=\"(max-width: 588px) 100vw, 588px\" \/><\/p>\n<p>&nbsp;<\/p>\n<p>&nbsp;<\/p>\n<p>De transitie naar een duurzame economie gebeurt niet in je eentje. Die bouw je op <strong>via consortia, <\/strong><strong><\/strong> <\/p>\n<p>&nbsp;<\/p>\n<p>Het kanton Vaud heeft onlangs verschillende oproepen gedaan voor samenwerkingsprojecten op belangrijke gebieden:<\/p>\n<ul>\n<li>Aanpassing aan en veerkracht tegen klimaatverandering.<\/li>\n<li>Verantwoord digitaal.<\/li>\n<li> Duurzaam bouwen.<\/li>\n<\/ul>\n<p>&nbsp;<\/p>\n<p>Deze projecten bieden:<\/p>\n<ul>\n<li>Tot 50% financiering (max. 100.000 Zwitserse frank (CHF)).<\/li>\n<li>&#8211; Een gestructureerd kader om concrete oplossingen te ontwikkelen.<\/li>\n<li>&#8211; Een unieke kans om <strong>samen met Zwitserse spelers<\/strong> (<a href=\"https:\/\/eur02.safelinks.protection.outlook.com\/?url=https%3A%2F%2Fwww.vd.ch%2Feconomie%2Fsoutien-aux-entreprises%2Feconomie-durable%2Fprojets-collaboratifs%3Futm_source%3Dchatgpt.com&amp;data=05%7C02%7C%7C01afdad513674438f9f008de949d5964%7C4bff6c9f3d9145fe8a5e3a328b5c9809%7C0%7C0%7C639111600701526825%7CUnknown%7CTWFpbGZsb3d8eyJFbXB0eU1hcGkiOnRydWUsIlYiOiIwLjAuMDAwMCIsIlAiOiJXaW4zMiIsIkFOIjoiTWFpbCIsIldUIjoyfQ%3D%3D%7C0%7C%7C%7C&amp;sdata=Ba3SWgdiFajbuBszH10FVMqbBKSBnwoHCg8BXlInK3k%3D&amp;reserved=0\">uit het kanton Vaud<\/a>) te innoveren.<\/li>\n<\/ul>\n<p>&nbsp;<\/p>\n<p><strong>Het belangrijkste punt?<\/strong><\/p>\n<p>Deze initiatieven moeten worden getrokken en gedragen door een<strong> consortium van bedrijven<\/strong> (minimaal 3 partners, waarvan <strong>er 1 internationaal mag zijn<\/strong>).<\/p>\n<p>&nbsp;<\/p>\n<p><strong>Waarom hebben Belgische bedrijven er alle belang bij om zich hierop te richten?<\/strong><\/p>\n<ul>\n<li>Ze krijgen toegang tot een Zwitsers ecosysteem dat bekendstaat om zijn innovatie.<\/li>\n<li>Ze kunnen oplossingen testen en implementeren op een veeleisende markt.<\/li>\n<li>Ze kunnen strategische langetermijnsamenwerkingen uitbouwen.<\/li>\n<li>Ze kunnen zich profileren op snelgroeiende<\/li>\n<\/ul>\n<p><strong> <\/strong><\/p>\n<p><strong>Het is tijd om bruggen te slaan tussen Belgi\u00eb en Zwitserland<\/strong><\/p>\n<p>Of je nu<\/p>\n<ul>\n<li>kmo bent<\/li>\n<li>een industri\u00eble speler<\/li>\n<li>een tech- of cleantech-bedrijf<\/li>\n<\/ul>\n<p>&nbsp;<\/p>\n<p>Het is tijd om <strong>je aan te sluiten bij of een consortium op te richten met partners uit het kanton Vaud.<\/strong><\/p>\n<p>&nbsp;<\/p>\n<p>De volgende oproepen lopen tot juni of de zomer van 2026, het uitgelezen moment om een ambitieus project op te zetten. <a href=\"https:\/\/eur02.safelinks.protection.outlook.com\/?url=https%3A%2F%2Fwww.vd.ch%2Feconomie%2Fsoutien-aux-entreprises%2Feconomie-durable%2Fprojets-collaboratifs%2Fprojets-collaboratifs-durables-appels-a-projets-a-venir%3Futm_source%3Dchatgpt.com&amp;data=05%7C02%7C%7C01afdad513674438f9f008de949d5964%7C4bff6c9f3d9145fe8a5e3a328b5c9809%7C0%7C0%7C639111600701541503%7CUnknown%7CTWFpbGZsb3d8eyJFbXB0eU1hcGkiOnRydWUsIlYiOiIwLjAuMDAwMCIsIlAiOiJXaW4zMiIsIkFOIjoiTWFpbCIsIldUIjoyfQ%3D%3D%7C0%7C%7C%7C&amp;sdata=iUt2gfYYJGruK01wfIUENR51YGLXEmGjoYwQPupoa90%3D&amp;reserved=0\">(Kanton Vaud)<\/a><\/p>\n<p>&nbsp;<\/p>\n<p>Heb je interesse om:<\/p>\n<ul>\n<li>Zwitserse partners te vinden?<\/li>\n<li>Een consortium op te zetten?<\/li>\n<li>Een projectidee kritisch te toetsen?<\/li>\n<\/ul>\n<p>&nbsp;<\/p>\n<p>Meer informtie <a href=\"https:\/\/www.vd.ch\/economie\/soutien-aux-entreprises\/economie-durable\/projets-collaboratifs\"><strong>hier<\/strong><\/a><\/p>\n<p>Schrijf naar: Audrey Bal <a href=\"mailto:audrey.bal@greenwin.be\">audrey.bal@greenwin.be<\/a> \/ Yasmina Touiss <a href=\"mailto:yasmina.touiss@greenwin.be\">yasmina.touiss@greenwin.be<\/a><\/p>\n","protected":false},"featured_media":12556,"template":"","meta":{"_acf_changed":false},"tags":[480],"region":[77,79,78],"theme-ressource":[401],"type-blog":[105],"class_list":["post-12565","blog","type-blog","status-publish","has-post-thumbnail","hentry","tag-artikels-2","region-brussels-hoofdstedelijk-gewest","region-vlaanderen","region-wallonie-nl","theme-ressource-offerteaanvraag","type-blog-buiten-onze-grenzen"],"acf":[],"yoast_head":"<!-- This site is optimized with the Yoast SEO plugin v27.1.1 - https:\/\/yoast.com\/product\/yoast-seo-wordpress\/ -->\n<title>Duurzame samenwerkingsprojecten | Kanton Vaud - AD VITAM MATERIAL<\/title>\n<meta name=\"robots\" content=\"index, follow, max-snippet:-1, max-image-preview:large, max-video-preview:-1\" \/>\n<link rel=\"canonical\" href=\"https:\/\/advitam-material.be\/nl\/-blog\/duurzame-samenwerkingsprojecten-kanton-vaud\/\" \/>\n<meta property=\"og:locale\" content=\"nl_NL\" \/>\n<meta property=\"og:type\" content=\"article\" \/>\n<meta property=\"og:title\" content=\"Duurzame samenwerkingsprojecten | Kanton Vaud - AD VITAM MATERIAL\" \/>\n<meta property=\"og:description\" content=\"Belgische bedrijven: wat als jullie een stapje verder zouden gaan \u2026 door samen te werken met Zwitserland? &nbsp; &nbsp; &nbsp; De transitie naar een duurzame economie gebeurt niet in je eentje. Die bouw je op via consortia, &nbsp; Het kanton Vaud heeft onlangs verschillende oproepen gedaan voor samenwerkingsprojecten op belangrijke gebieden: Aanpassing aan en veerkracht [&hellip;]\" \/>\n<meta property=\"og:url\" content=\"https:\/\/advitam-material.be\/nl\/-blog\/duurzame-samenwerkingsprojecten-kanton-vaud\/\" \/>\n<meta property=\"og:site_name\" content=\"AD VITAM MATERIAL\" \/>\n<meta property=\"og:image\" content=\"https:\/\/advitam-material.be\/wp-content\/uploads\/2026\/04\/Suisse.png\" \/>\n\t<meta property=\"og:image:width\" content=\"570\" \/>\n\t<meta property=\"og:image:height\" content=\"320\" \/>\n\t<meta property=\"og:image:type\" content=\"image\/png\" \/>\n<meta name=\"twitter:card\" content=\"summary_large_image\" \/>\n<meta name=\"twitter:label1\" content=\"Geschatte leestijd\" \/>\n\t<meta name=\"twitter:data1\" content=\"1 minuut\" \/>\n<script type=\"application\/ld+json\" class=\"yoast-schema-graph\">{\"@context\":\"https:\/\/schema.org\",\"@graph\":[{\"@type\":\"WebPage\",\"@id\":\"https:\/\/advitam-material.be\/nl\/-blog\/duurzame-samenwerkingsprojecten-kanton-vaud\/\",\"url\":\"https:\/\/advitam-material.be\/nl\/-blog\/duurzame-samenwerkingsprojecten-kanton-vaud\/\",\"name\":\"Duurzame samenwerkingsprojecten | Kanton Vaud - AD VITAM MATERIAL\",\"isPartOf\":{\"@id\":\"https:\/\/advitam-material.be\/nl\/#website\"},\"primaryImageOfPage\":{\"@id\":\"https:\/\/advitam-material.be\/nl\/-blog\/duurzame-samenwerkingsprojecten-kanton-vaud\/#primaryimage\"},\"image\":{\"@id\":\"https:\/\/advitam-material.be\/nl\/-blog\/duurzame-samenwerkingsprojecten-kanton-vaud\/#primaryimage\"},\"thumbnailUrl\":\"https:\/\/advitam-material.be\/wp-content\/uploads\/2026\/04\/Suisse.png\",\"datePublished\":\"2026-04-28T07:18:53+00:00\",\"inLanguage\":\"nl-NL\",\"potentialAction\":[{\"@type\":\"ReadAction\",\"target\":[\"https:\/\/advitam-material.be\/nl\/-blog\/duurzame-samenwerkingsprojecten-kanton-vaud\/\"]}]},{\"@type\":\"ImageObject\",\"inLanguage\":\"nl-NL\",\"@id\":\"https:\/\/advitam-material.be\/nl\/-blog\/duurzame-samenwerkingsprojecten-kanton-vaud\/#primaryimage\",\"url\":\"https:\/\/advitam-material.be\/wp-content\/uploads\/2026\/04\/Suisse.png\",\"contentUrl\":\"https:\/\/advitam-material.be\/wp-content\/uploads\/2026\/04\/Suisse.png\",\"width\":570,\"height\":320},{\"@type\":\"WebSite\",\"@id\":\"https:\/\/advitam-material.be\/nl\/#website\",\"url\":\"https:\/\/advitam-material.be\/nl\/\",\"name\":\"AD VITAM MATERIAL - Le r\u00e9seau du r\u00e9emploi dans la construction en Belgique\",\"description\":\"Netwerk voor hergebruik in de bouw in Belgi\u00eb\",\"potentialAction\":[{\"@type\":\"SearchAction\",\"target\":{\"@type\":\"EntryPoint\",\"urlTemplate\":\"https:\/\/advitam-material.be\/nl\/?s={search_term_string}\"},\"query-input\":{\"@type\":\"PropertyValueSpecification\",\"valueRequired\":true,\"valueName\":\"search_term_string\"}}],\"inLanguage\":\"nl-NL\"}]}<\/script>\n<!-- \/ Yoast SEO plugin. -->","yoast_head_json":{"title":"Duurzame samenwerkingsprojecten | Kanton Vaud - AD VITAM MATERIAL","robots":{"index":"index","follow":"follow","max-snippet":"max-snippet:-1","max-image-preview":"max-image-preview:large","max-video-preview":"max-video-preview:-1"},"canonical":"https:\/\/advitam-material.be\/nl\/-blog\/duurzame-samenwerkingsprojecten-kanton-vaud\/","og_locale":"nl_NL","og_type":"article","og_title":"Duurzame samenwerkingsprojecten | Kanton Vaud - AD VITAM MATERIAL","og_description":"Belgische bedrijven: wat als jullie een stapje verder zouden gaan \u2026 door samen te werken met Zwitserland? &nbsp; &nbsp; &nbsp; De transitie naar een duurzame economie gebeurt niet in je eentje. Die bouw je op via consortia, &nbsp; Het kanton Vaud heeft onlangs verschillende oproepen gedaan voor samenwerkingsprojecten op belangrijke gebieden: Aanpassing aan en veerkracht [&hellip;]","og_url":"https:\/\/advitam-material.be\/nl\/-blog\/duurzame-samenwerkingsprojecten-kanton-vaud\/","og_site_name":"AD VITAM MATERIAL","og_image":[{"width":570,"height":320,"url":"https:\/\/advitam-material.be\/wp-content\/uploads\/2026\/04\/Suisse.png","type":"image\/png"}],"twitter_card":"summary_large_image","twitter_misc":{"Geschatte leestijd":"1 minuut"},"schema":{"@context":"https:\/\/schema.org","@graph":[{"@type":"WebPage","@id":"https:\/\/advitam-material.be\/nl\/-blog\/duurzame-samenwerkingsprojecten-kanton-vaud\/","url":"https:\/\/advitam-material.be\/nl\/-blog\/duurzame-samenwerkingsprojecten-kanton-vaud\/","name":"Duurzame samenwerkingsprojecten | Kanton Vaud - AD VITAM MATERIAL","isPartOf":{"@id":"https:\/\/advitam-material.be\/nl\/#website"},"primaryImageOfPage":{"@id":"https:\/\/advitam-material.be\/nl\/-blog\/duurzame-samenwerkingsprojecten-kanton-vaud\/#primaryimage"},"image":{"@id":"https:\/\/advitam-material.be\/nl\/-blog\/duurzame-samenwerkingsprojecten-kanton-vaud\/#primaryimage"},"thumbnailUrl":"https:\/\/advitam-material.be\/wp-content\/uploads\/2026\/04\/Suisse.png","datePublished":"2026-04-28T07:18:53+00:00","inLanguage":"nl-NL","potentialAction":[{"@type":"ReadAction","target":["https:\/\/advitam-material.be\/nl\/-blog\/duurzame-samenwerkingsprojecten-kanton-vaud\/"]}]},{"@type":"ImageObject","inLanguage":"nl-NL","@id":"https:\/\/advitam-material.be\/nl\/-blog\/duurzame-samenwerkingsprojecten-kanton-vaud\/#primaryimage","url":"https:\/\/advitam-material.be\/wp-content\/uploads\/2026\/04\/Suisse.png","contentUrl":"https:\/\/advitam-material.be\/wp-content\/uploads\/2026\/04\/Suisse.png","width":570,"height":320},{"@type":"WebSite","@id":"https:\/\/advitam-material.be\/nl\/#website","url":"https:\/\/advitam-material.be\/nl\/","name":"AD VITAM MATERIAL - Le r\u00e9seau du r\u00e9emploi dans la construction en Belgique","description":"Netwerk voor hergebruik in de bouw in Belgi\u00eb","potentialAction":[{"@type":"SearchAction","target":{"@type":"EntryPoint","urlTemplate":"https:\/\/advitam-material.be\/nl\/?s={search_term_string}"},"query-input":{"@type":"PropertyValueSpecification","valueRequired":true,"valueName":"search_term_string"}}],"inLanguage":"nl-NL"}]}},"_links":{"self":[{"href":"https:\/\/advitam-material.be\/nl\/wp-json\/wp\/v2\/blog\/12565","targetHints":{"allow":["GET"]}}],"collection":[{"href":"https:\/\/advitam-material.be\/nl\/wp-json\/wp\/v2\/blog"}],"about":[{"href":"https:\/\/advitam-material.be\/nl\/wp-json\/wp\/v2\/types\/blog"}],"version-history":[{"count":1,"href":"https:\/\/advitam-material.be\/nl\/wp-json\/wp\/v2\/blog\/12565\/revisions"}],"predecessor-version":[{"id":12585,"href":"https:\/\/advitam-material.be\/nl\/wp-json\/wp\/v2\/blog\/12565\/revisions\/12585"}],"wp:featuredmedia":[{"embeddable":true,"href":"https:\/\/advitam-material.be\/nl\/wp-json\/wp\/v2\/media\/12556"}],"wp:attachment":[{"href":"https:\/\/advitam-material.be\/nl\/wp-json\/wp\/v2\/media?parent=12565"}],"wp:term":[{"taxonomy":"post_tag","embeddable":true,"href":"https:\/\/advitam-material.be\/nl\/wp-json\/wp\/v2\/tags?post=12565"},{"taxonomy":"region","embeddable":true,"href":"https:\/\/advitam-material.be\/nl\/wp-json\/wp\/v2\/region?post=12565"},{"taxonomy":"theme-ressource","embeddable":true,"href":"https:\/\/advitam-material.be\/nl\/wp-json\/wp\/v2\/theme-ressource?post=12565"},{"taxonomy":"type-blog","embeddable":true,"href":"https:\/\/advitam-material.be\/nl\/wp-json\/wp\/v2\/type-blog?post=12565"}],"curies":[{"name":"wp","href":"https:\/\/api.w.org\/{rel}","templated":true}]}}