{"id":12569,"date":"2026-04-28T10:43:23","date_gmt":"2026-04-28T08:43:23","guid":{"rendered":"https:\/\/advitam-material.be\/?post_type=blog&#038;p=12569"},"modified":"2026-04-28T10:43:23","modified_gmt":"2026-04-28T08:43:23","slug":"het-preuse-internationaal-symposium-rond-publieke-hergebruikcentra","status":"publish","type":"blog","link":"https:\/\/advitam-material.be\/nl\/-blog\/het-preuse-internationaal-symposium-rond-publieke-hergebruikcentra\/","title":{"rendered":"Het PREUSE Internationaal symposium rond publieke hergebruikcentra"},"content":{"rendered":"<p><img fetchpriority=\"high\" decoding=\"async\" class=\"alignnone wp-image-12577\" src=\"https:\/\/advitam-material.be\/wp-content\/uploads\/2026\/04\/Preuse-300x115.png\" alt=\"\" width=\"691\" height=\"265\" srcset=\"https:\/\/advitam-material.be\/wp-content\/uploads\/2026\/04\/Preuse-300x115.png 300w, https:\/\/advitam-material.be\/wp-content\/uploads\/2026\/04\/Preuse-1024x391.png 1024w, https:\/\/advitam-material.be\/wp-content\/uploads\/2026\/04\/Preuse-768x294.png 768w, https:\/\/advitam-material.be\/wp-content\/uploads\/2026\/04\/Preuse.png 1368w\" sizes=\"(max-width: 691px) 100vw, 691px\" \/><\/p>\n<p>&nbsp;<\/p>\n<p>Het PREUSE project presenteert u met trots het Internationaal symposium rond publieke hergebruikcentra, dat plaatsvindt op 4 en 5 juni 2026 in Mechelen en Brussel. Dit unieke evenement verenigt professionals en onderzoekers met een gedeelde interesse in publieke infrastructuur voor hergebruik van bouwmaterialen.<\/p>\n<p>Gedurende twee intensieve dagen zullen de deelnemers zich verdiepen in het thema van publieke hergebruikcentra aan de hand van plenaire lezingen, rondetafelgesprekken, sitebezoeken en thematische workshops. Het symposium wordt een zeldzame gelegenheid voor het uitwisselen van kennis en ervaring tussen onderzoekers, ambtenaren, en hergebruikprofessionals.<\/p>\n<p>Het programma van de eerste dag, dat plaatsvindt in het Lamot Congress &amp; Heritage Centre in Mechelen, bestaat uit plenaire lezingen door onderzoekers, gevolgd door rondetafelgesprekken waarin specifieke projecten en courant hergebruikte materialen worden besproken. De avond wordt afgesloten met een lezing door Finn Williams (VK\/Zweden), oprichter van Public Practice en stadsarchitect van Malm\u00f6.<\/p>\n<p>Het programma van de tweede dag, dat plaatsvindt op locatie en in COOP in Brussel, omvat bezoeken aan bestaande hergebruikcentra en workshops op uitnodiging voor verdiepende professionele uitwisseling.<\/p>\n<p>Het volledige programma en de inschrijvingslink is te vinden op de website van het evenement:<strong> <a href=\"https:\/\/preuse.nweurope.eu\/2026-symposium\">https:\/\/preuse.nweurope.eu\/2026-symposium<\/a><\/strong><\/p>\n<p>Dit evenement wordt georganiseerd door Rotor in het kader van het Interreg NWE PREUSE project in samenwerking met projectpartners Stad Mechelen, Bellastock, M\u00e9tropole du Grand Paris, Stad Wiltz, Stad Lorient, Stad Utrecht, Luxembourg Institute of Science and Technology, La Fabrique des Quartiers. Daarnaast geniet het ondersteuning van Brussel Leefmilieu (als deel van het Renolution programma), Stad Mechelen, Universiteit Gent, CNFPC, \u00c9cole des Arts D\u00e9coratifs de Paris, Valdelia.<\/p>\n<p>Artikel geschreven door Rotor vzw<\/p>\n<p>April 2026<\/p>\n","protected":false},"featured_media":12570,"template":"","meta":{"_acf_changed":false},"tags":[480],"region":[77,78],"theme-ressource":[411],"type-blog":[99],"class_list":["post-12569","blog","type-blog","status-publish","has-post-thumbnail","hentry","tag-artikels-2","region-brussels-hoofdstedelijk-gewest","region-wallonie-nl","theme-ressource-focus-op-materialen","type-blog-europees-project"],"acf":[],"yoast_head":"<!-- This site is optimized with the Yoast SEO plugin v27.1.1 - https:\/\/yoast.com\/product\/yoast-seo-wordpress\/ -->\n<title>Het PREUSE Internationaal symposium rond publieke hergebruikcentra - AD VITAM MATERIAL<\/title>\n<meta name=\"robots\" content=\"index, follow, max-snippet:-1, max-image-preview:large, max-video-preview:-1\" \/>\n<link rel=\"canonical\" href=\"https:\/\/advitam-material.be\/nl\/-blog\/het-preuse-internationaal-symposium-rond-publieke-hergebruikcentra\/\" \/>\n<meta property=\"og:locale\" content=\"nl_NL\" \/>\n<meta property=\"og:type\" content=\"article\" \/>\n<meta property=\"og:title\" content=\"Het PREUSE Internationaal symposium rond publieke hergebruikcentra - AD VITAM MATERIAL\" \/>\n<meta property=\"og:description\" content=\"&nbsp; Het PREUSE project presenteert u met trots het Internationaal symposium rond publieke hergebruikcentra, dat plaatsvindt op 4 en 5 juni 2026 in Mechelen en Brussel. Dit unieke evenement verenigt professionals en onderzoekers met een gedeelde interesse in publieke infrastructuur voor hergebruik van bouwmaterialen. Gedurende twee intensieve dagen zullen de deelnemers zich verdiepen in het [&hellip;]\" \/>\n<meta property=\"og:url\" content=\"https:\/\/advitam-material.be\/nl\/-blog\/het-preuse-internationaal-symposium-rond-publieke-hergebruikcentra\/\" \/>\n<meta property=\"og:site_name\" content=\"AD VITAM MATERIAL\" \/>\n<meta property=\"og:image\" content=\"https:\/\/advitam-material.be\/wp-content\/uploads\/2026\/04\/PREUSE-SYMP.gif\" \/>\n\t<meta property=\"og:image:width\" content=\"480\" \/>\n\t<meta property=\"og:image:height\" content=\"300\" \/>\n\t<meta property=\"og:image:type\" content=\"image\/gif\" \/>\n<meta name=\"twitter:card\" content=\"summary_large_image\" \/>\n<meta name=\"twitter:label1\" content=\"Geschatte leestijd\" \/>\n\t<meta name=\"twitter:data1\" content=\"2 minuten\" \/>\n<script type=\"application\/ld+json\" class=\"yoast-schema-graph\">{\"@context\":\"https:\/\/schema.org\",\"@graph\":[{\"@type\":\"WebPage\",\"@id\":\"https:\/\/advitam-material.be\/nl\/-blog\/het-preuse-internationaal-symposium-rond-publieke-hergebruikcentra\/\",\"url\":\"https:\/\/advitam-material.be\/nl\/-blog\/het-preuse-internationaal-symposium-rond-publieke-hergebruikcentra\/\",\"name\":\"Het PREUSE Internationaal symposium rond publieke hergebruikcentra - AD VITAM MATERIAL\",\"isPartOf\":{\"@id\":\"https:\/\/advitam-material.be\/nl\/#website\"},\"primaryImageOfPage\":{\"@id\":\"https:\/\/advitam-material.be\/nl\/-blog\/het-preuse-internationaal-symposium-rond-publieke-hergebruikcentra\/#primaryimage\"},\"image\":{\"@id\":\"https:\/\/advitam-material.be\/nl\/-blog\/het-preuse-internationaal-symposium-rond-publieke-hergebruikcentra\/#primaryimage\"},\"thumbnailUrl\":\"https:\/\/advitam-material.be\/wp-content\/uploads\/2026\/04\/PREUSE-SYMP.gif\",\"datePublished\":\"2026-04-28T08:43:23+00:00\",\"inLanguage\":\"nl-NL\",\"potentialAction\":[{\"@type\":\"ReadAction\",\"target\":[\"https:\/\/advitam-material.be\/nl\/-blog\/het-preuse-internationaal-symposium-rond-publieke-hergebruikcentra\/\"]}]},{\"@type\":\"ImageObject\",\"inLanguage\":\"nl-NL\",\"@id\":\"https:\/\/advitam-material.be\/nl\/-blog\/het-preuse-internationaal-symposium-rond-publieke-hergebruikcentra\/#primaryimage\",\"url\":\"https:\/\/advitam-material.be\/wp-content\/uploads\/2026\/04\/PREUSE-SYMP.gif\",\"contentUrl\":\"https:\/\/advitam-material.be\/wp-content\/uploads\/2026\/04\/PREUSE-SYMP.gif\",\"width\":480,\"height\":300},{\"@type\":\"WebSite\",\"@id\":\"https:\/\/advitam-material.be\/nl\/#website\",\"url\":\"https:\/\/advitam-material.be\/nl\/\",\"name\":\"AD VITAM MATERIAL - Le r\u00e9seau du r\u00e9emploi dans la construction en Belgique\",\"description\":\"Netwerk voor hergebruik in de bouw in Belgi\u00eb\",\"potentialAction\":[{\"@type\":\"SearchAction\",\"target\":{\"@type\":\"EntryPoint\",\"urlTemplate\":\"https:\/\/advitam-material.be\/nl\/?s={search_term_string}\"},\"query-input\":{\"@type\":\"PropertyValueSpecification\",\"valueRequired\":true,\"valueName\":\"search_term_string\"}}],\"inLanguage\":\"nl-NL\"}]}<\/script>\n<!-- \/ Yoast SEO plugin. -->","yoast_head_json":{"title":"Het PREUSE Internationaal symposium rond publieke hergebruikcentra - AD VITAM MATERIAL","robots":{"index":"index","follow":"follow","max-snippet":"max-snippet:-1","max-image-preview":"max-image-preview:large","max-video-preview":"max-video-preview:-1"},"canonical":"https:\/\/advitam-material.be\/nl\/-blog\/het-preuse-internationaal-symposium-rond-publieke-hergebruikcentra\/","og_locale":"nl_NL","og_type":"article","og_title":"Het PREUSE Internationaal symposium rond publieke hergebruikcentra - AD VITAM MATERIAL","og_description":"&nbsp; Het PREUSE project presenteert u met trots het Internationaal symposium rond publieke hergebruikcentra, dat plaatsvindt op 4 en 5 juni 2026 in Mechelen en Brussel. Dit unieke evenement verenigt professionals en onderzoekers met een gedeelde interesse in publieke infrastructuur voor hergebruik van bouwmaterialen. Gedurende twee intensieve dagen zullen de deelnemers zich verdiepen in het [&hellip;]","og_url":"https:\/\/advitam-material.be\/nl\/-blog\/het-preuse-internationaal-symposium-rond-publieke-hergebruikcentra\/","og_site_name":"AD VITAM MATERIAL","og_image":[{"width":480,"height":300,"url":"https:\/\/advitam-material.be\/wp-content\/uploads\/2026\/04\/PREUSE-SYMP.gif","type":"image\/gif"}],"twitter_card":"summary_large_image","twitter_misc":{"Geschatte leestijd":"2 minuten"},"schema":{"@context":"https:\/\/schema.org","@graph":[{"@type":"WebPage","@id":"https:\/\/advitam-material.be\/nl\/-blog\/het-preuse-internationaal-symposium-rond-publieke-hergebruikcentra\/","url":"https:\/\/advitam-material.be\/nl\/-blog\/het-preuse-internationaal-symposium-rond-publieke-hergebruikcentra\/","name":"Het PREUSE Internationaal symposium rond publieke hergebruikcentra - AD VITAM MATERIAL","isPartOf":{"@id":"https:\/\/advitam-material.be\/nl\/#website"},"primaryImageOfPage":{"@id":"https:\/\/advitam-material.be\/nl\/-blog\/het-preuse-internationaal-symposium-rond-publieke-hergebruikcentra\/#primaryimage"},"image":{"@id":"https:\/\/advitam-material.be\/nl\/-blog\/het-preuse-internationaal-symposium-rond-publieke-hergebruikcentra\/#primaryimage"},"thumbnailUrl":"https:\/\/advitam-material.be\/wp-content\/uploads\/2026\/04\/PREUSE-SYMP.gif","datePublished":"2026-04-28T08:43:23+00:00","inLanguage":"nl-NL","potentialAction":[{"@type":"ReadAction","target":["https:\/\/advitam-material.be\/nl\/-blog\/het-preuse-internationaal-symposium-rond-publieke-hergebruikcentra\/"]}]},{"@type":"ImageObject","inLanguage":"nl-NL","@id":"https:\/\/advitam-material.be\/nl\/-blog\/het-preuse-internationaal-symposium-rond-publieke-hergebruikcentra\/#primaryimage","url":"https:\/\/advitam-material.be\/wp-content\/uploads\/2026\/04\/PREUSE-SYMP.gif","contentUrl":"https:\/\/advitam-material.be\/wp-content\/uploads\/2026\/04\/PREUSE-SYMP.gif","width":480,"height":300},{"@type":"WebSite","@id":"https:\/\/advitam-material.be\/nl\/#website","url":"https:\/\/advitam-material.be\/nl\/","name":"AD VITAM MATERIAL - Le r\u00e9seau du r\u00e9emploi dans la construction en Belgique","description":"Netwerk voor hergebruik in de bouw in Belgi\u00eb","potentialAction":[{"@type":"SearchAction","target":{"@type":"EntryPoint","urlTemplate":"https:\/\/advitam-material.be\/nl\/?s={search_term_string}"},"query-input":{"@type":"PropertyValueSpecification","valueRequired":true,"valueName":"search_term_string"}}],"inLanguage":"nl-NL"}]}},"_links":{"self":[{"href":"https:\/\/advitam-material.be\/nl\/wp-json\/wp\/v2\/blog\/12569","targetHints":{"allow":["GET"]}}],"collection":[{"href":"https:\/\/advitam-material.be\/nl\/wp-json\/wp\/v2\/blog"}],"about":[{"href":"https:\/\/advitam-material.be\/nl\/wp-json\/wp\/v2\/types\/blog"}],"version-history":[{"count":3,"href":"https:\/\/advitam-material.be\/nl\/wp-json\/wp\/v2\/blog\/12569\/revisions"}],"predecessor-version":[{"id":12581,"href":"https:\/\/advitam-material.be\/nl\/wp-json\/wp\/v2\/blog\/12569\/revisions\/12581"}],"wp:featuredmedia":[{"embeddable":true,"href":"https:\/\/advitam-material.be\/nl\/wp-json\/wp\/v2\/media\/12570"}],"wp:attachment":[{"href":"https:\/\/advitam-material.be\/nl\/wp-json\/wp\/v2\/media?parent=12569"}],"wp:term":[{"taxonomy":"post_tag","embeddable":true,"href":"https:\/\/advitam-material.be\/nl\/wp-json\/wp\/v2\/tags?post=12569"},{"taxonomy":"region","embeddable":true,"href":"https:\/\/advitam-material.be\/nl\/wp-json\/wp\/v2\/region?post=12569"},{"taxonomy":"theme-ressource","embeddable":true,"href":"https:\/\/advitam-material.be\/nl\/wp-json\/wp\/v2\/theme-ressource?post=12569"},{"taxonomy":"type-blog","embeddable":true,"href":"https:\/\/advitam-material.be\/nl\/wp-json\/wp\/v2\/type-blog?post=12569"}],"curies":[{"name":"wp","href":"https:\/\/api.w.org\/{rel}","templated":true}]}}