{"id":12611,"date":"2026-04-28T10:36:48","date_gmt":"2026-04-28T08:36:48","guid":{"rendered":"https:\/\/advitam-material.be\/?post_type=blog&#038;p=12611"},"modified":"2026-04-28T10:36:48","modified_gmt":"2026-04-28T08:36:48","slug":"modelbouwplaats-in-vorst","status":"publish","type":"blog","link":"https:\/\/advitam-material.be\/nl\/-blog\/modelbouwplaats-in-vorst\/","title":{"rendered":"Modelbouwplaats in Vorst"},"content":{"rendered":"<p><img fetchpriority=\"high\" decoding=\"async\" class=\" wp-image-12596\" src=\"https:\/\/advitam-material.be\/wp-content\/uploads\/2026\/04\/BEN_4798-200x300.jpg\" alt=\"\" width=\"246\" height=\"369\" srcset=\"https:\/\/advitam-material.be\/wp-content\/uploads\/2026\/04\/BEN_4798-200x300.jpg 200w, https:\/\/advitam-material.be\/wp-content\/uploads\/2026\/04\/BEN_4798-683x1024.jpg 683w, https:\/\/advitam-material.be\/wp-content\/uploads\/2026\/04\/BEN_4798-768x1152.jpg 768w, https:\/\/advitam-material.be\/wp-content\/uploads\/2026\/04\/BEN_4798-1024x1536.jpg 1024w\" sizes=\"(max-width: 246px) 100vw, 246px\" \/><\/p>\n<p>Bij dit project wordt een appartement van 60 m\u00b2 in Vorst subtiel maar toch ook radicaal verbouwd. Dit appartement is een schoolvoorbeeld van een woning in de jaren 1950 met een aaneenschakeling van ruimtes na elkaar. Opdracht voor de architecte was het doen ontstaan van een vlotte, lichtrijke en toch gezellige ruimte vertrekkende van een smalle en beperkte structuur.<\/p>\n<p>Het project bestrijdt de heersende logica niet, maar omzeilt ze. Op een gedurfde manier worden de functies opnieuw ingedeeld: de keuken en de eethoek komen vooraan in het appartement, waardoor het licht van de straat kan binnenstromen terwijl de badkamer achteraan in het appartement een plek krijgt. Hierdoor komt er centraal in het appartement ruimte vrij voor het salon en de slaapkamer met een zachtere overgang, bijna met een insprong.  <\/p>\n<p>Deze omkering cre\u00ebert een tweede dimensie, een onverwachte adempauze in het midden van het ontwerp, en verandert de aaneenschakeling van ruimtes in een genuanceerd parcours, waarin elke ruimte zijn eigen karakter krijgt. De woonkamer wordt een schrijn, zowel open als gesloten, waar het licht circuleert zonder ooit frontaal te worden. <\/p>\n<p><img decoding=\"async\" class=\"alignnone wp-image-12608\" src=\"https:\/\/advitam-material.be\/wp-content\/uploads\/2026\/04\/IMG_8868-1-300x231.jpg\" alt=\"\" width=\"446\" height=\"344\" srcset=\"https:\/\/advitam-material.be\/wp-content\/uploads\/2026\/04\/IMG_8868-1-300x231.jpg 300w, https:\/\/advitam-material.be\/wp-content\/uploads\/2026\/04\/IMG_8868-1-1024x789.jpg 1024w, https:\/\/advitam-material.be\/wp-content\/uploads\/2026\/04\/IMG_8868-1-768x591.jpg 768w, https:\/\/advitam-material.be\/wp-content\/uploads\/2026\/04\/IMG_8868-1-1536x1183.jpg 1536w, https:\/\/advitam-material.be\/wp-content\/uploads\/2026\/04\/IMG_8868-1-2048x1577.jpg 2048w\" sizes=\"(max-width: 446px) 100vw, 446px\" \/><\/p>\n<p>Bij de renovatie wordt <strong>bijzondere aandacht besteed aan wat al bestaat: <\/strong>parket, deuren, plafondhoogtes en schouwen worden behouden en opgenomen in een nieuwe lezing van de locatie. Zelfs ongebruikt worden die schouwen een deel van de dikte en het geheugen van het appartement. <\/p>\n<p>Het project past ook in een<strong> aanpak gericht op hergebruik,<\/strong> niet als een verplichting, maar <strong>als drijvende kracht achter het ontwerp<\/strong>. Eerst zoeken en dan tekenen wordt een methode: materialen en voorwerpen \u2014 marmer, tegels, gootstenen, verlichtingsarmaturen \u2014 worden bij gelegenheid verzameld en geven richting aan het project. <\/p>\n<p>Zo krijgt het marmer van een afgebroken schouw een nieuw leven als wandlampen, gecombineerd met antieke lampenkappen. De wastafel, die al vroeg in beeld kwam, bepaalt de indeling van de badkamer. Elk object heeft een eigen verhaal en draagt bij tot de identiteit van de plek.  <\/p>\n<p>&nbsp;<\/p>\n<p><img decoding=\"async\" class=\"alignnone wp-image-12599\" src=\"https:\/\/advitam-material.be\/wp-content\/uploads\/2026\/04\/IMG_8955-225x300.jpg\" alt=\"Photographie : Benjamin Struelens et archives personnelles\" width=\"269\" height=\"359\" srcset=\"https:\/\/advitam-material.be\/wp-content\/uploads\/2026\/04\/IMG_8955-225x300.jpg 225w, https:\/\/advitam-material.be\/wp-content\/uploads\/2026\/04\/IMG_8955-768x1024.jpg 768w, https:\/\/advitam-material.be\/wp-content\/uploads\/2026\/04\/IMG_8955-1152x1536.jpg 1152w, https:\/\/advitam-material.be\/wp-content\/uploads\/2026\/04\/IMG_8955-1536x2048.jpg 1536w, https:\/\/advitam-material.be\/wp-content\/uploads\/2026\/04\/IMG_8955-scaled.jpg 1920w\" sizes=\"(max-width: 269px) 100vw, 269px\" \/>       <img loading=\"lazy\" decoding=\"async\" class=\"alignnone wp-image-12601\" src=\"https:\/\/advitam-material.be\/wp-content\/uploads\/2026\/04\/IMG_8853-225x300.jpg\" alt=\"\" width=\"268\" height=\"358\" srcset=\"https:\/\/advitam-material.be\/wp-content\/uploads\/2026\/04\/IMG_8853-225x300.jpg 225w, https:\/\/advitam-material.be\/wp-content\/uploads\/2026\/04\/IMG_8853-768x1024.jpg 768w, https:\/\/advitam-material.be\/wp-content\/uploads\/2026\/04\/IMG_8853-1152x1536.jpg 1152w, https:\/\/advitam-material.be\/wp-content\/uploads\/2026\/04\/IMG_8853-1536x2048.jpg 1536w, https:\/\/advitam-material.be\/wp-content\/uploads\/2026\/04\/IMG_8853-scaled.jpg 1920w\" sizes=\"(max-width: 268px) 100vw, 268px\" \/>        <img loading=\"lazy\" decoding=\"async\" class=\"alignnone wp-image-12603\" src=\"https:\/\/advitam-material.be\/wp-content\/uploads\/2026\/04\/BEN_4822-196x300.jpg\" alt=\"\" width=\"234\" height=\"358\" srcset=\"https:\/\/advitam-material.be\/wp-content\/uploads\/2026\/04\/BEN_4822-196x300.jpg 196w, https:\/\/advitam-material.be\/wp-content\/uploads\/2026\/04\/BEN_4822-670x1024.jpg 670w, https:\/\/advitam-material.be\/wp-content\/uploads\/2026\/04\/BEN_4822-768x1174.jpg 768w, https:\/\/advitam-material.be\/wp-content\/uploads\/2026\/04\/BEN_4822-1004x1536.jpg 1004w, https:\/\/advitam-material.be\/wp-content\/uploads\/2026\/04\/BEN_4822-1339x2048.jpg 1339w, https:\/\/advitam-material.be\/wp-content\/uploads\/2026\/04\/BEN_4822-scaled.jpg 1674w\" sizes=\"(max-width: 234px) 100vw, 234px\" \/><\/p>\n<p>&nbsp;<\/p>\n<p>Het project, dat grotendeels met zelfbouw is gerealiseerd, met beperkte middelen, kenmerkt zich door eenvoud en toewijding. Het laat zien dat er <strong>uit een alledaagse context een ingrijpende en kwaliteitsvolle verandering kan voortkomen<\/strong>, door een scherp oog voor gebruikswijzen, licht en materiaal. <\/p>\n<p>Het project reikt verder dan het appartement zelf en maakt deel uit van een collectief proces: het gebouw wordt geleidelijk aan opnieuw bewoond door nieuwe bewoners, die gereedschap, kennis en soms gewoon wat tijd met elkaar delen. Een manier om eraan te herinneren dat architectuur ook kan ontstaan uit uitwisseling en nabijheid. <\/p>\n<p>&nbsp;<\/p>\n<p>Project: Annam\u00e1ria Lakatos, architecte bij Atelier d\u2019Architecture Galand.<\/p>\n<p>Foto&#8217;s: Benjamin Struelens en persoonlijke archieven.<\/p>\n<p>April 2026<\/p>\n","protected":false},"featured_media":12607,"template":"","meta":{"_acf_changed":false},"tags":[429],"region":[77],"theme-ressource":[422],"type-blog":[103],"class_list":["post-12611","blog","type-blog","status-publish","has-post-thumbnail","hentry","tag-artikels","region-brussels-hoofdstedelijk-gewest","theme-ressource-hergebruik-nl","type-blog-voorbeeldwerven"],"acf":[],"yoast_head":"<!-- This site is optimized with the Yoast SEO plugin v27.1.1 - https:\/\/yoast.com\/product\/yoast-seo-wordpress\/ -->\n<title>Modelbouwplaats in Vorst - AD VITAM MATERIAL<\/title>\n<meta name=\"robots\" content=\"index, follow, max-snippet:-1, max-image-preview:large, max-video-preview:-1\" \/>\n<link rel=\"canonical\" href=\"https:\/\/advitam-material.be\/nl\/-blog\/modelbouwplaats-in-vorst\/\" \/>\n<meta property=\"og:locale\" content=\"nl_NL\" \/>\n<meta property=\"og:type\" content=\"article\" \/>\n<meta property=\"og:title\" content=\"Modelbouwplaats in Vorst - AD VITAM MATERIAL\" \/>\n<meta property=\"og:description\" content=\"Bij dit project wordt een appartement van 60 m\u00b2 in Vorst subtiel maar toch ook radicaal verbouwd. Dit appartement is een schoolvoorbeeld van een woning in de jaren 1950 met een aaneenschakeling van ruimtes na elkaar. Opdracht voor de architecte was het doen ontstaan van een vlotte, lichtrijke en toch gezellige ruimte vertrekkende van een [&hellip;]\" \/>\n<meta property=\"og:url\" content=\"https:\/\/advitam-material.be\/nl\/-blog\/modelbouwplaats-in-vorst\/\" \/>\n<meta property=\"og:site_name\" content=\"AD VITAM MATERIAL\" \/>\n<meta property=\"og:image\" content=\"https:\/\/advitam-material.be\/wp-content\/uploads\/2026\/04\/IMG_8868-scaled.jpg\" \/>\n\t<meta property=\"og:image:width\" content=\"2560\" \/>\n\t<meta property=\"og:image:height\" content=\"1971\" \/>\n\t<meta property=\"og:image:type\" content=\"image\/jpeg\" \/>\n<meta name=\"twitter:card\" content=\"summary_large_image\" \/>\n<meta name=\"twitter:label1\" content=\"Geschatte leestijd\" \/>\n\t<meta name=\"twitter:data1\" content=\"2 minuten\" \/>\n<script type=\"application\/ld+json\" class=\"yoast-schema-graph\">{\"@context\":\"https:\/\/schema.org\",\"@graph\":[{\"@type\":\"WebPage\",\"@id\":\"https:\/\/advitam-material.be\/nl\/-blog\/modelbouwplaats-in-vorst\/\",\"url\":\"https:\/\/advitam-material.be\/nl\/-blog\/modelbouwplaats-in-vorst\/\",\"name\":\"Modelbouwplaats in Vorst - AD VITAM MATERIAL\",\"isPartOf\":{\"@id\":\"https:\/\/advitam-material.be\/nl\/#website\"},\"primaryImageOfPage\":{\"@id\":\"https:\/\/advitam-material.be\/nl\/-blog\/modelbouwplaats-in-vorst\/#primaryimage\"},\"image\":{\"@id\":\"https:\/\/advitam-material.be\/nl\/-blog\/modelbouwplaats-in-vorst\/#primaryimage\"},\"thumbnailUrl\":\"https:\/\/advitam-material.be\/wp-content\/uploads\/2026\/04\/IMG_8868-scaled.jpg\",\"datePublished\":\"2026-04-28T08:36:48+00:00\",\"inLanguage\":\"nl-NL\",\"potentialAction\":[{\"@type\":\"ReadAction\",\"target\":[\"https:\/\/advitam-material.be\/nl\/-blog\/modelbouwplaats-in-vorst\/\"]}]},{\"@type\":\"ImageObject\",\"inLanguage\":\"nl-NL\",\"@id\":\"https:\/\/advitam-material.be\/nl\/-blog\/modelbouwplaats-in-vorst\/#primaryimage\",\"url\":\"https:\/\/advitam-material.be\/wp-content\/uploads\/2026\/04\/IMG_8868-scaled.jpg\",\"contentUrl\":\"https:\/\/advitam-material.be\/wp-content\/uploads\/2026\/04\/IMG_8868-scaled.jpg\",\"width\":2560,\"height\":1971},{\"@type\":\"WebSite\",\"@id\":\"https:\/\/advitam-material.be\/nl\/#website\",\"url\":\"https:\/\/advitam-material.be\/nl\/\",\"name\":\"AD VITAM MATERIAL - Le r\u00e9seau du r\u00e9emploi dans la construction en Belgique\",\"description\":\"Netwerk voor hergebruik in de bouw in Belgi\u00eb\",\"potentialAction\":[{\"@type\":\"SearchAction\",\"target\":{\"@type\":\"EntryPoint\",\"urlTemplate\":\"https:\/\/advitam-material.be\/nl\/?s={search_term_string}\"},\"query-input\":{\"@type\":\"PropertyValueSpecification\",\"valueRequired\":true,\"valueName\":\"search_term_string\"}}],\"inLanguage\":\"nl-NL\"}]}<\/script>\n<!-- \/ Yoast SEO plugin. -->","yoast_head_json":{"title":"Modelbouwplaats in Vorst - AD VITAM MATERIAL","robots":{"index":"index","follow":"follow","max-snippet":"max-snippet:-1","max-image-preview":"max-image-preview:large","max-video-preview":"max-video-preview:-1"},"canonical":"https:\/\/advitam-material.be\/nl\/-blog\/modelbouwplaats-in-vorst\/","og_locale":"nl_NL","og_type":"article","og_title":"Modelbouwplaats in Vorst - AD VITAM MATERIAL","og_description":"Bij dit project wordt een appartement van 60 m\u00b2 in Vorst subtiel maar toch ook radicaal verbouwd. Dit appartement is een schoolvoorbeeld van een woning in de jaren 1950 met een aaneenschakeling van ruimtes na elkaar. Opdracht voor de architecte was het doen ontstaan van een vlotte, lichtrijke en toch gezellige ruimte vertrekkende van een [&hellip;]","og_url":"https:\/\/advitam-material.be\/nl\/-blog\/modelbouwplaats-in-vorst\/","og_site_name":"AD VITAM MATERIAL","og_image":[{"width":2560,"height":1971,"url":"https:\/\/advitam-material.be\/wp-content\/uploads\/2026\/04\/IMG_8868-scaled.jpg","type":"image\/jpeg"}],"twitter_card":"summary_large_image","twitter_misc":{"Geschatte leestijd":"2 minuten"},"schema":{"@context":"https:\/\/schema.org","@graph":[{"@type":"WebPage","@id":"https:\/\/advitam-material.be\/nl\/-blog\/modelbouwplaats-in-vorst\/","url":"https:\/\/advitam-material.be\/nl\/-blog\/modelbouwplaats-in-vorst\/","name":"Modelbouwplaats in Vorst - AD VITAM MATERIAL","isPartOf":{"@id":"https:\/\/advitam-material.be\/nl\/#website"},"primaryImageOfPage":{"@id":"https:\/\/advitam-material.be\/nl\/-blog\/modelbouwplaats-in-vorst\/#primaryimage"},"image":{"@id":"https:\/\/advitam-material.be\/nl\/-blog\/modelbouwplaats-in-vorst\/#primaryimage"},"thumbnailUrl":"https:\/\/advitam-material.be\/wp-content\/uploads\/2026\/04\/IMG_8868-scaled.jpg","datePublished":"2026-04-28T08:36:48+00:00","inLanguage":"nl-NL","potentialAction":[{"@type":"ReadAction","target":["https:\/\/advitam-material.be\/nl\/-blog\/modelbouwplaats-in-vorst\/"]}]},{"@type":"ImageObject","inLanguage":"nl-NL","@id":"https:\/\/advitam-material.be\/nl\/-blog\/modelbouwplaats-in-vorst\/#primaryimage","url":"https:\/\/advitam-material.be\/wp-content\/uploads\/2026\/04\/IMG_8868-scaled.jpg","contentUrl":"https:\/\/advitam-material.be\/wp-content\/uploads\/2026\/04\/IMG_8868-scaled.jpg","width":2560,"height":1971},{"@type":"WebSite","@id":"https:\/\/advitam-material.be\/nl\/#website","url":"https:\/\/advitam-material.be\/nl\/","name":"AD VITAM MATERIAL - Le r\u00e9seau du r\u00e9emploi dans la construction en Belgique","description":"Netwerk voor hergebruik in de bouw in Belgi\u00eb","potentialAction":[{"@type":"SearchAction","target":{"@type":"EntryPoint","urlTemplate":"https:\/\/advitam-material.be\/nl\/?s={search_term_string}"},"query-input":{"@type":"PropertyValueSpecification","valueRequired":true,"valueName":"search_term_string"}}],"inLanguage":"nl-NL"}]}},"_links":{"self":[{"href":"https:\/\/advitam-material.be\/nl\/wp-json\/wp\/v2\/blog\/12611","targetHints":{"allow":["GET"]}}],"collection":[{"href":"https:\/\/advitam-material.be\/nl\/wp-json\/wp\/v2\/blog"}],"about":[{"href":"https:\/\/advitam-material.be\/nl\/wp-json\/wp\/v2\/types\/blog"}],"version-history":[{"count":1,"href":"https:\/\/advitam-material.be\/nl\/wp-json\/wp\/v2\/blog\/12611\/revisions"}],"predecessor-version":[{"id":12612,"href":"https:\/\/advitam-material.be\/nl\/wp-json\/wp\/v2\/blog\/12611\/revisions\/12612"}],"wp:featuredmedia":[{"embeddable":true,"href":"https:\/\/advitam-material.be\/nl\/wp-json\/wp\/v2\/media\/12607"}],"wp:attachment":[{"href":"https:\/\/advitam-material.be\/nl\/wp-json\/wp\/v2\/media?parent=12611"}],"wp:term":[{"taxonomy":"post_tag","embeddable":true,"href":"https:\/\/advitam-material.be\/nl\/wp-json\/wp\/v2\/tags?post=12611"},{"taxonomy":"region","embeddable":true,"href":"https:\/\/advitam-material.be\/nl\/wp-json\/wp\/v2\/region?post=12611"},{"taxonomy":"theme-ressource","embeddable":true,"href":"https:\/\/advitam-material.be\/nl\/wp-json\/wp\/v2\/theme-ressource?post=12611"},{"taxonomy":"type-blog","embeddable":true,"href":"https:\/\/advitam-material.be\/nl\/wp-json\/wp\/v2\/type-blog?post=12611"}],"curies":[{"name":"wp","href":"https:\/\/api.w.org\/{rel}","templated":true}]}}