{"id":12614,"date":"2026-04-28T10:47:26","date_gmt":"2026-04-28T08:47:26","guid":{"rendered":"https:\/\/advitam-material.be\/?post_type=blog&#038;p=12614"},"modified":"2026-04-29T09:49:14","modified_gmt":"2026-04-29T07:49:14","slug":"april-2026","status":"publish","type":"blog","link":"https:\/\/advitam-material.be\/nl\/-blog\/april-2026\/","title":{"rendered":"April 2026"},"content":{"rendered":"<ul>\n<li><strong><a href=\"https:\/\/advitam-material.be\/nl\/-blog\/nieuws-lancering-van-ons-nieuw-circulair-platform-voor-activabeheer\/\">Lancering van ons nieuw circulair platform <\/a><\/strong>voor activabeheer<\/li>\n<li><a href=\"https:\/\/advitam-material.be\/nl\/-blog\/modelbouwplaats-in-vorst\/\">Modelbouwplaats<\/a> in Vorst<\/li>\n<li><strong><a href=\"https:\/\/advitam-material.be\/nl\/-blog\/het-preuse-internationaal-symposium-rond-publieke-hergebruikcentra\/\">Het PREUSE Internationaal symposium<\/a><\/strong> rond publieke hergebruikcentra<\/li>\n<li>Ontdek de materiaalvoorraden van april van<a href=\"https:\/\/advitam-material.be\/nl\/-blog\/ontdek-de-materiaalvoorraden-van-april-van-het-sloopbedrijf-loca-clean\/\"> het sloopbedrijf Loca Clean<\/a><\/li>\n<li>Duurzame samenwerkingsprojecten <strong><a href=\"https:\/\/advitam-material.be\/nl\/-blog\/duurzame-samenwerkingsprojecten-kanton-vaud\/\">: kanton Vaud<\/a><\/strong><\/li>\n<li>Democo is op zoek naar de <strong><a href=\"https:\/\/advitam-material.be\/nl\/-blog\/democo-is-op-zoek-naar-de-volgende-hergebruikmaterialen\/\">volgende hergebruikmaterialen<\/a><\/strong><\/li>\n<\/ul>\n","protected":false},"featured_media":12590,"template":"","meta":{"_acf_changed":false},"tags":[428],"region":[],"theme-ressource":[],"type-blog":[],"class_list":["post-12614","blog","type-blog","status-publish","has-post-thumbnail","hentry","tag-newsletter-nl"],"acf":[],"yoast_head":"<!-- This site is optimized with the Yoast SEO plugin v27.1.1 - https:\/\/yoast.com\/product\/yoast-seo-wordpress\/ -->\n<title>April 2026 - AD VITAM MATERIAL<\/title>\n<meta name=\"robots\" content=\"index, follow, max-snippet:-1, max-image-preview:large, max-video-preview:-1\" \/>\n<link rel=\"canonical\" href=\"https:\/\/advitam-material.be\/nl\/-blog\/april-2026\/\" \/>\n<meta property=\"og:locale\" content=\"nl_NL\" \/>\n<meta property=\"og:type\" content=\"article\" \/>\n<meta property=\"og:title\" content=\"April 2026 - AD VITAM MATERIAL\" \/>\n<meta property=\"og:description\" content=\"Lancering van ons nieuw circulair platform voor activabeheer Modelbouwplaats in Vorst Het PREUSE Internationaal symposium rond publieke hergebruikcentra Ontdek de materiaalvoorraden van april van het sloopbedrijf Loca Clean Duurzame samenwerkingsprojecten : kanton Vaud Democo is op zoek naar de volgende hergebruikmaterialen\" \/>\n<meta property=\"og:url\" content=\"https:\/\/advitam-material.be\/nl\/-blog\/april-2026\/\" \/>\n<meta property=\"og:site_name\" content=\"AD VITAM MATERIAL\" \/>\n<meta property=\"article:modified_time\" content=\"2026-04-29T07:49:14+00:00\" \/>\n<meta property=\"og:image\" content=\"https:\/\/advitam-material.be\/wp-content\/uploads\/2026\/04\/2021-09_PfReemploi_bois-scaled.png\" \/>\n\t<meta property=\"og:image:width\" content=\"2560\" \/>\n\t<meta property=\"og:image:height\" content=\"1810\" \/>\n\t<meta property=\"og:image:type\" content=\"image\/png\" \/>\n<meta name=\"twitter:card\" content=\"summary_large_image\" \/>\n<meta name=\"twitter:label1\" content=\"Geschatte leestijd\" \/>\n\t<meta name=\"twitter:data1\" content=\"1 minuut\" \/>\n<script type=\"application\/ld+json\" class=\"yoast-schema-graph\">{\"@context\":\"https:\/\/schema.org\",\"@graph\":[{\"@type\":\"WebPage\",\"@id\":\"https:\/\/advitam-material.be\/nl\/-blog\/april-2026\/\",\"url\":\"https:\/\/advitam-material.be\/nl\/-blog\/april-2026\/\",\"name\":\"April 2026 - AD VITAM MATERIAL\",\"isPartOf\":{\"@id\":\"https:\/\/advitam-material.be\/nl\/#website\"},\"primaryImageOfPage\":{\"@id\":\"https:\/\/advitam-material.be\/nl\/-blog\/april-2026\/#primaryimage\"},\"image\":{\"@id\":\"https:\/\/advitam-material.be\/nl\/-blog\/april-2026\/#primaryimage\"},\"thumbnailUrl\":\"https:\/\/advitam-material.be\/wp-content\/uploads\/2026\/04\/2021-09_PfReemploi_bois-scaled.png\",\"datePublished\":\"2026-04-28T08:47:26+00:00\",\"dateModified\":\"2026-04-29T07:49:14+00:00\",\"inLanguage\":\"nl-NL\",\"potentialAction\":[{\"@type\":\"ReadAction\",\"target\":[\"https:\/\/advitam-material.be\/nl\/-blog\/april-2026\/\"]}]},{\"@type\":\"ImageObject\",\"inLanguage\":\"nl-NL\",\"@id\":\"https:\/\/advitam-material.be\/nl\/-blog\/april-2026\/#primaryimage\",\"url\":\"https:\/\/advitam-material.be\/wp-content\/uploads\/2026\/04\/2021-09_PfReemploi_bois-scaled.png\",\"contentUrl\":\"https:\/\/advitam-material.be\/wp-content\/uploads\/2026\/04\/2021-09_PfReemploi_bois-scaled.png\",\"width\":2560,\"height\":1810},{\"@type\":\"WebSite\",\"@id\":\"https:\/\/advitam-material.be\/nl\/#website\",\"url\":\"https:\/\/advitam-material.be\/nl\/\",\"name\":\"AD VITAM MATERIAL - Le r\u00e9seau du r\u00e9emploi dans la construction en Belgique\",\"description\":\"Netwerk voor hergebruik in de bouw in Belgi\u00eb\",\"potentialAction\":[{\"@type\":\"SearchAction\",\"target\":{\"@type\":\"EntryPoint\",\"urlTemplate\":\"https:\/\/advitam-material.be\/nl\/?s={search_term_string}\"},\"query-input\":{\"@type\":\"PropertyValueSpecification\",\"valueRequired\":true,\"valueName\":\"search_term_string\"}}],\"inLanguage\":\"nl-NL\"}]}<\/script>\n<!-- \/ Yoast SEO plugin. -->","yoast_head_json":{"title":"April 2026 - AD VITAM MATERIAL","robots":{"index":"index","follow":"follow","max-snippet":"max-snippet:-1","max-image-preview":"max-image-preview:large","max-video-preview":"max-video-preview:-1"},"canonical":"https:\/\/advitam-material.be\/nl\/-blog\/april-2026\/","og_locale":"nl_NL","og_type":"article","og_title":"April 2026 - AD VITAM MATERIAL","og_description":"Lancering van ons nieuw circulair platform voor activabeheer Modelbouwplaats in Vorst Het PREUSE Internationaal symposium rond publieke hergebruikcentra Ontdek de materiaalvoorraden van april van het sloopbedrijf Loca Clean Duurzame samenwerkingsprojecten : kanton Vaud Democo is op zoek naar de volgende hergebruikmaterialen","og_url":"https:\/\/advitam-material.be\/nl\/-blog\/april-2026\/","og_site_name":"AD VITAM MATERIAL","article_modified_time":"2026-04-29T07:49:14+00:00","og_image":[{"width":2560,"height":1810,"url":"https:\/\/advitam-material.be\/wp-content\/uploads\/2026\/04\/2021-09_PfReemploi_bois-scaled.png","type":"image\/png"}],"twitter_card":"summary_large_image","twitter_misc":{"Geschatte leestijd":"1 minuut"},"schema":{"@context":"https:\/\/schema.org","@graph":[{"@type":"WebPage","@id":"https:\/\/advitam-material.be\/nl\/-blog\/april-2026\/","url":"https:\/\/advitam-material.be\/nl\/-blog\/april-2026\/","name":"April 2026 - AD VITAM MATERIAL","isPartOf":{"@id":"https:\/\/advitam-material.be\/nl\/#website"},"primaryImageOfPage":{"@id":"https:\/\/advitam-material.be\/nl\/-blog\/april-2026\/#primaryimage"},"image":{"@id":"https:\/\/advitam-material.be\/nl\/-blog\/april-2026\/#primaryimage"},"thumbnailUrl":"https:\/\/advitam-material.be\/wp-content\/uploads\/2026\/04\/2021-09_PfReemploi_bois-scaled.png","datePublished":"2026-04-28T08:47:26+00:00","dateModified":"2026-04-29T07:49:14+00:00","inLanguage":"nl-NL","potentialAction":[{"@type":"ReadAction","target":["https:\/\/advitam-material.be\/nl\/-blog\/april-2026\/"]}]},{"@type":"ImageObject","inLanguage":"nl-NL","@id":"https:\/\/advitam-material.be\/nl\/-blog\/april-2026\/#primaryimage","url":"https:\/\/advitam-material.be\/wp-content\/uploads\/2026\/04\/2021-09_PfReemploi_bois-scaled.png","contentUrl":"https:\/\/advitam-material.be\/wp-content\/uploads\/2026\/04\/2021-09_PfReemploi_bois-scaled.png","width":2560,"height":1810},{"@type":"WebSite","@id":"https:\/\/advitam-material.be\/nl\/#website","url":"https:\/\/advitam-material.be\/nl\/","name":"AD VITAM MATERIAL - Le r\u00e9seau du r\u00e9emploi dans la construction en Belgique","description":"Netwerk voor hergebruik in de bouw in Belgi\u00eb","potentialAction":[{"@type":"SearchAction","target":{"@type":"EntryPoint","urlTemplate":"https:\/\/advitam-material.be\/nl\/?s={search_term_string}"},"query-input":{"@type":"PropertyValueSpecification","valueRequired":true,"valueName":"search_term_string"}}],"inLanguage":"nl-NL"}]}},"_links":{"self":[{"href":"https:\/\/advitam-material.be\/nl\/wp-json\/wp\/v2\/blog\/12614","targetHints":{"allow":["GET"]}}],"collection":[{"href":"https:\/\/advitam-material.be\/nl\/wp-json\/wp\/v2\/blog"}],"about":[{"href":"https:\/\/advitam-material.be\/nl\/wp-json\/wp\/v2\/types\/blog"}],"version-history":[{"count":2,"href":"https:\/\/advitam-material.be\/nl\/wp-json\/wp\/v2\/blog\/12614\/revisions"}],"predecessor-version":[{"id":12627,"href":"https:\/\/advitam-material.be\/nl\/wp-json\/wp\/v2\/blog\/12614\/revisions\/12627"}],"wp:featuredmedia":[{"embeddable":true,"href":"https:\/\/advitam-material.be\/nl\/wp-json\/wp\/v2\/media\/12590"}],"wp:attachment":[{"href":"https:\/\/advitam-material.be\/nl\/wp-json\/wp\/v2\/media?parent=12614"}],"wp:term":[{"taxonomy":"post_tag","embeddable":true,"href":"https:\/\/advitam-material.be\/nl\/wp-json\/wp\/v2\/tags?post=12614"},{"taxonomy":"region","embeddable":true,"href":"https:\/\/advitam-material.be\/nl\/wp-json\/wp\/v2\/region?post=12614"},{"taxonomy":"theme-ressource","embeddable":true,"href":"https:\/\/advitam-material.be\/nl\/wp-json\/wp\/v2\/theme-ressource?post=12614"},{"taxonomy":"type-blog","embeddable":true,"href":"https:\/\/advitam-material.be\/nl\/wp-json\/wp\/v2\/type-blog?post=12614"}],"curies":[{"name":"wp","href":"https:\/\/api.w.org\/{rel}","templated":true}]}}